{"id":8211,"date":"2016-09-19T19:12:31","date_gmt":"2016-09-19T22:12:31","guid":{"rendered":"https:\/\/eldiariodesanpedro.com.ar\/sitio\/?p=8211"},"modified":"2016-09-19T19:12:31","modified_gmt":"2016-09-19T22:12:31","slug":"un-colombiano-tras-una-discusion-recibio-un-disparo-de-arma-de-fuego-en-una-de-sus-piernas","status":"publish","type":"post","link":"https:\/\/eldiariodesanpedro.com.ar\/sitio\/un-colombiano-tras-una-discusion-recibio-un-disparo-de-arma-de-fuego-en-una-de-sus-piernas\/","title":{"rendered":"Un colombiano tras una discusi\u00f3n recibi\u00f3 un disparo de arma de fuego en una de sus piernas"},"content":{"rendered":"<p><!-- VideographyWP Plugin Message: Automatic video embedding prevented by plugin options. --><br \/>\nSe trata de un joven de 25 a\u00f1os de nacionalidad colombiana que fue herido en Alvarado y Hermano Indio producto de un enfrentamiento el domingo. Seg\u00fan se pudo establecer, se trata de una de las personas que venden muebles por la ciudad en forma ambulante y en la zona donde se produjo el hecho se acerc\u00f3 un sujeto para pedirle dinero para comprar una cerveza y ante la negativa se produjo una discusi\u00f3n, donde el agresor le dispar\u00f3 en una de sus piernas.<br \/>\nLo cierto es que al arribo de la polic\u00eda al lugar, tras la denuncia telef\u00f3nica se hallaba el herido, el cual fue derivado a la Guardia del Hospital donde se lo intervino por las lesiones sufridas.<br \/>\nSin embargo esta persona se fug\u00f3 del nosocomio local antes de recibir el alta m\u00e9dica.<\/p>\n","protected":false},"excerpt":{"rendered":"<p>Se trata de un joven de 25 a\u00f1os de nacionalidad colombiana que fue herido en Alvarado y Hermano Indio producto de un enfrentamiento el domingo. Seg\u00fan se pudo establecer, se trata de una de las personas que venden muebles por la ciudad en forma ambulante y en la zona donde se produjo el hecho se [&hellip;]<\/p>\n","protected":false},"author":4,"featured_media":8212,"comment_status":"open","ping_status":"closed","sticky":false,"template":"","format":"standard","meta":{"om_disable_all_campaigns":false,"_jetpack_memberships_contains_paid_content":false,"footnotes":""},"categories":[101,2],"tags":[],"class_list":["post-8211","post","type-post","status-publish","format-standard","has-post-thumbnail","hentry","category-interes-general-locales","category-locales"],"aioseo_notices":[],"gutentor_comment":0,"jetpack_featured_media_url":"https:\/\/eldiariodesanpedro.com.ar\/sitio\/wp-content\/uploads\/2016\/09\/arma-de-fuego.jpg","jetpack_shortlink":"https:\/\/wp.me\/p6RhLt-28r","jetpack_sharing_enabled":true,"_links":{"self":[{"href":"https:\/\/eldiariodesanpedro.com.ar\/sitio\/wp-json\/wp\/v2\/posts\/8211","targetHints":{"allow":["GET"]}}],"collection":[{"href":"https:\/\/eldiariodesanpedro.com.ar\/sitio\/wp-json\/wp\/v2\/posts"}],"about":[{"href":"https:\/\/eldiariodesanpedro.com.ar\/sitio\/wp-json\/wp\/v2\/types\/post"}],"author":[{"embeddable":true,"href":"https:\/\/eldiariodesanpedro.com.ar\/sitio\/wp-json\/wp\/v2\/users\/4"}],"replies":[{"embeddable":true,"href":"https:\/\/eldiariodesanpedro.com.ar\/sitio\/wp-json\/wp\/v2\/comments?post=8211"}],"version-history":[{"count":1,"href":"https:\/\/eldiariodesanpedro.com.ar\/sitio\/wp-json\/wp\/v2\/posts\/8211\/revisions"}],"predecessor-version":[{"id":8213,"href":"https:\/\/eldiariodesanpedro.com.ar\/sitio\/wp-json\/wp\/v2\/posts\/8211\/revisions\/8213"}],"wp:featuredmedia":[{"embeddable":true,"href":"https:\/\/eldiariodesanpedro.com.ar\/sitio\/wp-json\/wp\/v2\/media\/8212"}],"wp:attachment":[{"href":"https:\/\/eldiariodesanpedro.com.ar\/sitio\/wp-json\/wp\/v2\/media?parent=8211"}],"wp:term":[{"taxonomy":"category","embeddable":true,"href":"https:\/\/eldiariodesanpedro.com.ar\/sitio\/wp-json\/wp\/v2\/categories?post=8211"},{"taxonomy":"post_tag","embeddable":true,"href":"https:\/\/eldiariodesanpedro.com.ar\/sitio\/wp-json\/wp\/v2\/tags?post=8211"}],"curies":[{"name":"wp","href":"https:\/\/api.w.org\/{rel}","templated":true}]}}