{"id":82107,"date":"2020-10-12T21:51:59","date_gmt":"2020-10-13T00:51:59","guid":{"rendered":"https:\/\/eldiariodesanpedro.com.ar\/sitio\/?p=82107"},"modified":"2020-10-12T21:52:04","modified_gmt":"2020-10-13T00:52:04","slug":"no-se-recibieron-resultados-hoy-pero-se-informa-el-fallecimiento-de-miguel-angel-mir-de-68-anos","status":"publish","type":"post","link":"https:\/\/eldiariodesanpedro.com.ar\/sitio\/no-se-recibieron-resultados-hoy-pero-se-informa-el-fallecimiento-de-miguel-angel-mir-de-68-anos\/","title":{"rendered":"No se recibieron resultados hoy, pero se informa el fallecimiento de Miguel \u00c1ngel Mir, de 68 a\u00f1os"},"content":{"rendered":"<!-- VideographyWP Plugin Message: Automatic video embedding prevented by plugin options. -->\n\n<p>La Secretar\u00eda de Salud de la Municipalidad de San Pedro informa la actualizaci\u00f3n de seguimiento a la Pandemia de Covid-19.<\/p>\n\n\n\n<ul class=\"wp-block-list\"><li>INFORME DIARIO<\/li><\/ul>\n\n\n\n<p>Sin resultados el d\u00eda de hoy desde el sistema p\u00fablico, mixto y los laboratorios privados.<\/p>\n\n\n\n<p>Fallecimiento \u2013 Condolencias<br>Se comunica adem\u00e1s el fallecimiento del Sr. Miguel \u00c1ngel Mir, de 68 a\u00f1os quien se encontraba internado en el sector de Cl\u00ednica M\u00e9dica del Hospital, con un cuadro positivo de Covid-19 confirmado el 9 del corriente. Hacemos p\u00fablicas a trav\u00e9s de este informe las condolencias por este nuevo deceso que eleva a 38 la cantidad de fallecimientos ocurridos desde el inicio de la Pandemia.<\/p>\n\n\n\n<p>ALTAS<br>Se cargaron 41 altas<br>Detalle<br>Mujeres de 19, 24, 27(2), 30, 31, 33, 36, 38, 39, 41, 44, 46(2), 47, 49, 50, 54(2), 64, 65, 72, 75 y 77 a\u00f1os.<br>Hombres de 18, 19, 20, 21, 25, 28, 33, 38, 48, 49, 50, 60, 63, 64(2), 69 y 82 a\u00f1os.<\/p>\n\n\n\n<p>Resumen actualizado de informaci\u00f3n oficial<br>Positivos desde el inicio de la Pandemia: 1259<br>Activos: 180<br>Recuperados: 1041<br>Fallecidos: 38<br>\u00daltimo env\u00edo de muestras: 00<br>Muestras pendientes: 119<br>Negativos desde el inicio de la Pandemia: 1559<br>Los datos consignados en este informe corresponden a ex\u00e1menes realizados por PCR.<\/p>\n\n\n\n<p>&#x1f449; Usar tapabocas.<br>&#x1f449; Mantener la distancia m\u00ednima de 2 metros.<br>&#x1f449; Extremar la higiene de los espacios.<br>&#x1f449; Mantener las manos limpias.<\/p>\n\n\n\n<p>Se recuerda que, ante s\u00edntomas de tos seca, fiebre y dolor de garganta y la probabilidad de haber estado en contacto con enfermos o viajeros llegados desde las zonas transmisi\u00f3n local o comunitaria se puede llamar al 148 o 107.<\/p>\n","protected":false},"excerpt":{"rendered":"<p>La Secretar\u00eda de Salud de la Municipalidad de San Pedro informa la actualizaci\u00f3n de seguimiento a la Pandemia de Covid-19. INFORME DIARIO Sin resultados el d\u00eda de hoy desde el sistema p\u00fablico, mixto y los laboratorios privados. Fallecimiento \u2013 CondolenciasSe comunica adem\u00e1s el fallecimiento del Sr. Miguel \u00c1ngel Mir, de 68 a\u00f1os quien se encontraba [&hellip;]<\/p>\n","protected":false},"author":4,"featured_media":77147,"comment_status":"open","ping_status":"closed","sticky":false,"template":"","format":"standard","meta":{"om_disable_all_campaigns":false,"_jetpack_memberships_contains_paid_content":false,"footnotes":""},"categories":[50,101,2],"tags":[197,808,1031,33],"class_list":["post-82107","post","type-post","status-publish","format-standard","has-post-thumbnail","hentry","category-destacadas","category-interes-general-locales","category-locales","tag-buenos-aires","tag-coronavirus","tag-interes-general-2","tag-locales"],"aioseo_notices":[],"gutentor_comment":0,"jetpack_featured_media_url":"https:\/\/eldiariodesanpedro.com.ar\/sitio\/wp-content\/uploads\/2020\/07\/medicos-coronavirus.jpg","jetpack_shortlink":"https:\/\/wp.me\/p6RhLt-lmj","jetpack_sharing_enabled":true,"_links":{"self":[{"href":"https:\/\/eldiariodesanpedro.com.ar\/sitio\/wp-json\/wp\/v2\/posts\/82107","targetHints":{"allow":["GET"]}}],"collection":[{"href":"https:\/\/eldiariodesanpedro.com.ar\/sitio\/wp-json\/wp\/v2\/posts"}],"about":[{"href":"https:\/\/eldiariodesanpedro.com.ar\/sitio\/wp-json\/wp\/v2\/types\/post"}],"author":[{"embeddable":true,"href":"https:\/\/eldiariodesanpedro.com.ar\/sitio\/wp-json\/wp\/v2\/users\/4"}],"replies":[{"embeddable":true,"href":"https:\/\/eldiariodesanpedro.com.ar\/sitio\/wp-json\/wp\/v2\/comments?post=82107"}],"version-history":[{"count":1,"href":"https:\/\/eldiariodesanpedro.com.ar\/sitio\/wp-json\/wp\/v2\/posts\/82107\/revisions"}],"predecessor-version":[{"id":82109,"href":"https:\/\/eldiariodesanpedro.com.ar\/sitio\/wp-json\/wp\/v2\/posts\/82107\/revisions\/82109"}],"wp:featuredmedia":[{"embeddable":true,"href":"https:\/\/eldiariodesanpedro.com.ar\/sitio\/wp-json\/wp\/v2\/media\/77147"}],"wp:attachment":[{"href":"https:\/\/eldiariodesanpedro.com.ar\/sitio\/wp-json\/wp\/v2\/media?parent=82107"}],"wp:term":[{"taxonomy":"category","embeddable":true,"href":"https:\/\/eldiariodesanpedro.com.ar\/sitio\/wp-json\/wp\/v2\/categories?post=82107"},{"taxonomy":"post_tag","embeddable":true,"href":"https:\/\/eldiariodesanpedro.com.ar\/sitio\/wp-json\/wp\/v2\/tags?post=82107"}],"curies":[{"name":"wp","href":"https:\/\/api.w.org\/{rel}","templated":true}]}}