{"id":8209,"date":"2016-09-19T19:10:50","date_gmt":"2016-09-19T22:10:50","guid":{"rendered":"https:\/\/eldiariodesanpedro.com.ar\/sitio\/?p=8209"},"modified":"2016-09-19T19:10:50","modified_gmt":"2016-09-19T22:10:50","slug":"un-joven-ingreso-a-la-guardia-con-lesiones-producidas-por-perdigones","status":"publish","type":"post","link":"https:\/\/eldiariodesanpedro.com.ar\/sitio\/un-joven-ingreso-a-la-guardia-con-lesiones-producidas-por-perdigones\/","title":{"rendered":"Un joven Ingres\u00f3 a la guardia con lesiones producidas por perdigones"},"content":{"rendered":"<p><!-- VideographyWP Plugin Message: Automatic video embedding prevented by plugin options. --><br \/>\nEl grave incidente ocurri\u00f3 en el barrio La Tosquera, el domingo por la noche. Seg\u00fan relata la v\u00edctima del hecho, sucedi\u00f3 en su vivienda cuando estaba arreglando su motocicleta junto a su hermano, un familiar que ser\u00eda su primo ingres\u00f3 de repente al lugar y le dispar\u00f3 con una escopeta, impact\u00e1ndole los perdigones en varias partes del cuerpo. El mismo fue derivado al hospital local, donde el joven de 18 a\u00f1os debi\u00f3 ser intervenido quir\u00fargicamente por las heridas que los impactos le provocaron en el abdomen, sin embargo tambi\u00e9n las lesiones se produjeron en t\u00f3rax, miembros inferior y superior.<br \/>\nSeg\u00fan pudo establecer la polic\u00eda tras tomarle testimonio al damnificado, es que ambas personas tienen problemas de larga data entre ellos.<br \/>\nIntervino la UFI N\u00ba 11, la que caratul\u00f3 la causa como \u201cAbuso de Arma de Fuego y Portaci\u00f3n Ilegal de Arma de Fuego\u201d.<\/p>\n","protected":false},"excerpt":{"rendered":"<p>El grave incidente ocurri\u00f3 en el barrio La Tosquera, el domingo por la noche. Seg\u00fan relata la v\u00edctima del hecho, sucedi\u00f3 en su vivienda cuando estaba arreglando su motocicleta junto a su hermano, un familiar que ser\u00eda su primo ingres\u00f3 de repente al lugar y le dispar\u00f3 con una escopeta, impact\u00e1ndole los perdigones en varias [&hellip;]<\/p>\n","protected":false},"author":4,"featured_media":2624,"comment_status":"open","ping_status":"closed","sticky":false,"template":"","format":"standard","meta":{"om_disable_all_campaigns":false,"_jetpack_memberships_contains_paid_content":false,"footnotes":""},"categories":[2,103],"tags":[],"class_list":["post-8209","post","type-post","status-publish","format-standard","has-post-thumbnail","hentry","category-locales","category-policiales-locales"],"aioseo_notices":[],"gutentor_comment":0,"jetpack_featured_media_url":"https:\/\/eldiariodesanpedro.com.ar\/sitio\/wp-content\/uploads\/2016\/04\/guardia.jpg","jetpack_shortlink":"https:\/\/wp.me\/p6RhLt-28p","jetpack_sharing_enabled":true,"_links":{"self":[{"href":"https:\/\/eldiariodesanpedro.com.ar\/sitio\/wp-json\/wp\/v2\/posts\/8209","targetHints":{"allow":["GET"]}}],"collection":[{"href":"https:\/\/eldiariodesanpedro.com.ar\/sitio\/wp-json\/wp\/v2\/posts"}],"about":[{"href":"https:\/\/eldiariodesanpedro.com.ar\/sitio\/wp-json\/wp\/v2\/types\/post"}],"author":[{"embeddable":true,"href":"https:\/\/eldiariodesanpedro.com.ar\/sitio\/wp-json\/wp\/v2\/users\/4"}],"replies":[{"embeddable":true,"href":"https:\/\/eldiariodesanpedro.com.ar\/sitio\/wp-json\/wp\/v2\/comments?post=8209"}],"version-history":[{"count":1,"href":"https:\/\/eldiariodesanpedro.com.ar\/sitio\/wp-json\/wp\/v2\/posts\/8209\/revisions"}],"predecessor-version":[{"id":8210,"href":"https:\/\/eldiariodesanpedro.com.ar\/sitio\/wp-json\/wp\/v2\/posts\/8209\/revisions\/8210"}],"wp:featuredmedia":[{"embeddable":true,"href":"https:\/\/eldiariodesanpedro.com.ar\/sitio\/wp-json\/wp\/v2\/media\/2624"}],"wp:attachment":[{"href":"https:\/\/eldiariodesanpedro.com.ar\/sitio\/wp-json\/wp\/v2\/media?parent=8209"}],"wp:term":[{"taxonomy":"category","embeddable":true,"href":"https:\/\/eldiariodesanpedro.com.ar\/sitio\/wp-json\/wp\/v2\/categories?post=8209"},{"taxonomy":"post_tag","embeddable":true,"href":"https:\/\/eldiariodesanpedro.com.ar\/sitio\/wp-json\/wp\/v2\/tags?post=8209"}],"curies":[{"name":"wp","href":"https:\/\/api.w.org\/{rel}","templated":true}]}}