{"id":8206,"date":"2016-09-19T19:09:52","date_gmt":"2016-09-19T22:09:52","guid":{"rendered":"https:\/\/eldiariodesanpedro.com.ar\/sitio\/?p=8206"},"modified":"2016-09-19T19:09:52","modified_gmt":"2016-09-19T22:09:52","slug":"ofrecen-a-traves-de-facebook-trabajos-de-magia-blanca-y-negra","status":"publish","type":"post","link":"https:\/\/eldiariodesanpedro.com.ar\/sitio\/ofrecen-a-traves-de-facebook-trabajos-de-magia-blanca-y-negra\/","title":{"rendered":"Ofrecen a trav\u00e9s de Facebook trabajos de magia blanca y negra"},"content":{"rendered":"<p><!-- VideographyWP Plugin Message: Automatic video embedding prevented by plugin options. --><br \/>\nLa publicaci\u00f3n se encuentra en un grupo de Facebook llamado \u201cSegunda Mano San Pedro Bs. As.\u201d y que fue creado con el objeto de que sampedrinos y usuarios en general de la red social, puedan vender art\u00edculos usados.<br \/>\nLo cierto es que una persona de nombre Cristina Santanarela, public\u00f3: \u201cHago trabajos de magia blanca y negra: amarres, endulzamientos, hechizos de la fortuna, hechizos de amor y fantas\u00eda, abre caminos, trabajos umbanda y espiritismo. Solo por esta semana 20% de descuentos en amarres si usted mismo trae la sangre de un var\u00f3n o un gato negro<br \/>\ntambi\u00e9n solo por hoy ritual de la fortuna con cuerpos de ni\u00f1os\u201d. En tanto que tambi\u00e9n expreasa lo que es un delito: \u201cSi se quiere hacer otro dia puede traer el cuerpo que desee solo tiene que haber sido matado con un arma blanca\u201d. Y para finalizar, como si se tratase de un producto cualquiera, expresa: \u201caprovechen las promos!!!\u201d.<br \/>\nSe puede presuponer que el perfil no expone la verdadera identidad de la persona que est\u00e1 detr\u00e1s de estos actos aberrantes. Tampoco se puede ver entre los datos personales pr\u00e1cticamente nada, salvo la edad por lo que tampoco se advierte si se trata de una persona oriunda de la ciudad. <\/p>\n","protected":false},"excerpt":{"rendered":"<p>La publicaci\u00f3n se encuentra en un grupo de Facebook llamado \u201cSegunda Mano San Pedro Bs. As.\u201d y que fue creado con el objeto de que sampedrinos y usuarios en general de la red social, puedan vender art\u00edculos usados. Lo cierto es que una persona de nombre Cristina Santanarela, public\u00f3: \u201cHago trabajos de magia blanca y [&hellip;]<\/p>\n","protected":false},"author":4,"featured_media":8207,"comment_status":"open","ping_status":"closed","sticky":false,"template":"","format":"standard","meta":{"om_disable_all_campaigns":false,"_jetpack_memberships_contains_paid_content":false,"footnotes":""},"categories":[50,101,2],"tags":[],"class_list":["post-8206","post","type-post","status-publish","format-standard","has-post-thumbnail","hentry","category-destacadas","category-interes-general-locales","category-locales"],"aioseo_notices":[],"gutentor_comment":0,"jetpack_featured_media_url":"https:\/\/eldiariodesanpedro.com.ar\/sitio\/wp-content\/uploads\/2016\/09\/PAGINA-3-11.jpg","jetpack_shortlink":"https:\/\/wp.me\/p6RhLt-28m","jetpack_sharing_enabled":true,"_links":{"self":[{"href":"https:\/\/eldiariodesanpedro.com.ar\/sitio\/wp-json\/wp\/v2\/posts\/8206","targetHints":{"allow":["GET"]}}],"collection":[{"href":"https:\/\/eldiariodesanpedro.com.ar\/sitio\/wp-json\/wp\/v2\/posts"}],"about":[{"href":"https:\/\/eldiariodesanpedro.com.ar\/sitio\/wp-json\/wp\/v2\/types\/post"}],"author":[{"embeddable":true,"href":"https:\/\/eldiariodesanpedro.com.ar\/sitio\/wp-json\/wp\/v2\/users\/4"}],"replies":[{"embeddable":true,"href":"https:\/\/eldiariodesanpedro.com.ar\/sitio\/wp-json\/wp\/v2\/comments?post=8206"}],"version-history":[{"count":1,"href":"https:\/\/eldiariodesanpedro.com.ar\/sitio\/wp-json\/wp\/v2\/posts\/8206\/revisions"}],"predecessor-version":[{"id":8208,"href":"https:\/\/eldiariodesanpedro.com.ar\/sitio\/wp-json\/wp\/v2\/posts\/8206\/revisions\/8208"}],"wp:featuredmedia":[{"embeddable":true,"href":"https:\/\/eldiariodesanpedro.com.ar\/sitio\/wp-json\/wp\/v2\/media\/8207"}],"wp:attachment":[{"href":"https:\/\/eldiariodesanpedro.com.ar\/sitio\/wp-json\/wp\/v2\/media?parent=8206"}],"wp:term":[{"taxonomy":"category","embeddable":true,"href":"https:\/\/eldiariodesanpedro.com.ar\/sitio\/wp-json\/wp\/v2\/categories?post=8206"},{"taxonomy":"post_tag","embeddable":true,"href":"https:\/\/eldiariodesanpedro.com.ar\/sitio\/wp-json\/wp\/v2\/tags?post=8206"}],"curies":[{"name":"wp","href":"https:\/\/api.w.org\/{rel}","templated":true}]}}