{"id":8204,"date":"2016-09-19T19:04:59","date_gmt":"2016-09-19T22:04:59","guid":{"rendered":"https:\/\/eldiariodesanpedro.com.ar\/sitio\/?p=8204"},"modified":"2016-09-19T19:04:59","modified_gmt":"2016-09-19T22:04:59","slug":"paso-la-audiencia-y-ahora-llegaran-las-subas-en-el-gas","status":"publish","type":"post","link":"https:\/\/eldiariodesanpedro.com.ar\/sitio\/paso-la-audiencia-y-ahora-llegaran-las-subas-en-el-gas\/","title":{"rendered":"Pas\u00f3 la audiencia y ahora llegar\u00e1n las subas en el gas"},"content":{"rendered":"<p><!-- VideographyWP Plugin Message: Automatic video embedding prevented by plugin options. --><br \/>\nEl ministro de Energ\u00eda y Miner\u00eda, Juan Jos\u00e9 Aranguren, cumpli\u00f3 el mandato de la Corte al finalizar la Audiencia P\u00fablica Nacional sobre el aumento de la tarifa de gas y, tras analizar las exposiciones que se desplegaron en tres jornadas, dar\u00e1 a conocer en los primeros d\u00edas de octubre el nuevo cuadro tarifario para el consumo de gas.<br \/>\n\u201cVamos a estar estableciendo el cuadro tarifario consecuencia de esta audiencia p\u00fablica los primeros d\u00edas de octubre y, obviamente, antes de hacerlo vamos a estar comunicando a todos los medios de prensa las motivaciones de cada uno de los cambios que implementemos\u201d, destac\u00f3 Aranguren.<br \/>\nEl ministro cont\u00f3 que \u201ccon lo que ac\u00e1 hemos escuchado, tenemos la obligaci\u00f3n de producir un informe, para que se reflejen todas las voces dentro de los pr\u00f3ximos 10 d\u00edas y, una vez producido ese informe, dentro de los 30 d\u00edas, tenemos que estar emitiendo el informe definitivo que ser\u00e1 la base para las decisiones de pol\u00edtica tarifaria que se van a tomar a partir de esta audiencia p\u00fablica\u201d.<br \/>\nAsimismo, el ministro explic\u00f3 que la propuesta original apunta a una suba promedio ser\u00e1 del 203 por ciento, lo que arroja para el 56% de los consumos residenciales un valor de 106 pesos por mes, antes de impuestos. A lo largo de los tres d\u00edas de Audiencia P\u00fablica \u201cno hemos visto muchas opiniones en contra con respecto (al aumento para) el sector residencial en funci\u00f3n de que nosotros hemos mostrado una realidad, que es que aquel 40 por ciento que no tiene acceso a la red, en vez de estar pagando 106 pesos, paga 300 pesos por mes\u201d, para adquirir una garrafa.<\/p>\n","protected":false},"excerpt":{"rendered":"<p>El ministro de Energ\u00eda y Miner\u00eda, Juan Jos\u00e9 Aranguren, cumpli\u00f3 el mandato de la Corte al finalizar la Audiencia P\u00fablica Nacional sobre el aumento de la tarifa de gas y, tras analizar las exposiciones que se desplegaron en tres jornadas, dar\u00e1 a conocer en los primeros d\u00edas de octubre el nuevo cuadro tarifario para el [&hellip;]<\/p>\n","protected":false},"author":4,"featured_media":6106,"comment_status":"open","ping_status":"closed","sticky":false,"template":"","format":"standard","meta":{"om_disable_all_campaigns":false,"_jetpack_memberships_contains_paid_content":false,"footnotes":""},"categories":[101,2],"tags":[],"class_list":["post-8204","post","type-post","status-publish","format-standard","has-post-thumbnail","hentry","category-interes-general-locales","category-locales"],"aioseo_notices":[],"gutentor_comment":0,"jetpack_featured_media_url":"https:\/\/eldiariodesanpedro.com.ar\/sitio\/wp-content\/uploads\/2016\/07\/gas.jpg","jetpack_shortlink":"https:\/\/wp.me\/p6RhLt-28k","jetpack_sharing_enabled":true,"_links":{"self":[{"href":"https:\/\/eldiariodesanpedro.com.ar\/sitio\/wp-json\/wp\/v2\/posts\/8204","targetHints":{"allow":["GET"]}}],"collection":[{"href":"https:\/\/eldiariodesanpedro.com.ar\/sitio\/wp-json\/wp\/v2\/posts"}],"about":[{"href":"https:\/\/eldiariodesanpedro.com.ar\/sitio\/wp-json\/wp\/v2\/types\/post"}],"author":[{"embeddable":true,"href":"https:\/\/eldiariodesanpedro.com.ar\/sitio\/wp-json\/wp\/v2\/users\/4"}],"replies":[{"embeddable":true,"href":"https:\/\/eldiariodesanpedro.com.ar\/sitio\/wp-json\/wp\/v2\/comments?post=8204"}],"version-history":[{"count":1,"href":"https:\/\/eldiariodesanpedro.com.ar\/sitio\/wp-json\/wp\/v2\/posts\/8204\/revisions"}],"predecessor-version":[{"id":8205,"href":"https:\/\/eldiariodesanpedro.com.ar\/sitio\/wp-json\/wp\/v2\/posts\/8204\/revisions\/8205"}],"wp:featuredmedia":[{"embeddable":true,"href":"https:\/\/eldiariodesanpedro.com.ar\/sitio\/wp-json\/wp\/v2\/media\/6106"}],"wp:attachment":[{"href":"https:\/\/eldiariodesanpedro.com.ar\/sitio\/wp-json\/wp\/v2\/media?parent=8204"}],"wp:term":[{"taxonomy":"category","embeddable":true,"href":"https:\/\/eldiariodesanpedro.com.ar\/sitio\/wp-json\/wp\/v2\/categories?post=8204"},{"taxonomy":"post_tag","embeddable":true,"href":"https:\/\/eldiariodesanpedro.com.ar\/sitio\/wp-json\/wp\/v2\/tags?post=8204"}],"curies":[{"name":"wp","href":"https:\/\/api.w.org\/{rel}","templated":true}]}}