{"id":8202,"date":"2016-09-19T19:03:45","date_gmt":"2016-09-19T22:03:45","guid":{"rendered":"https:\/\/eldiariodesanpedro.com.ar\/sitio\/?p=8202"},"modified":"2016-09-19T19:03:45","modified_gmt":"2016-09-19T22:03:45","slug":"el-30-de-septiembre-procrear-anunciara-quienes-accederan-al-credito-para-comprar-su-vivienda","status":"publish","type":"post","link":"https:\/\/eldiariodesanpedro.com.ar\/sitio\/el-30-de-septiembre-procrear-anunciara-quienes-accederan-al-credito-para-comprar-su-vivienda\/","title":{"rendered":"El 30 de septiembre PROCREAR anunciar\u00e1 qui\u00e9nes acceder\u00e1n al cr\u00e9dito para comprar su vivienda"},"content":{"rendered":"<p><!-- VideographyWP Plugin Message: Automatic video embedding prevented by plugin options. --><br \/>\nLa ANSES informa que el viernes 30 de septiembre dar\u00e1 a conocer el listado de las personas que podr\u00e1n acceder a los cr\u00e9ditos de la primera etapa de Soluci\u00f3n Casa Propia, el cual surge de la verificaci\u00f3n de los datos declarados con las bases de AFIP, BCRA y la ANSES de quienes se anotaron hasta el 31 de agosto.<br \/>\nA partir del pr\u00f3ximo 30, las primeras 25.000 familias seleccionadas tendr\u00e1n 60 d\u00edas para hacer el tr\u00e1mite bancario (en los 14 bancos participantes) y 6 meses para concretar la operaci\u00f3n de compra y acceder al cr\u00e9dito. En el momento de la escrituraci\u00f3n se recibir\u00e1 el dinero proveniente del subsidio estatal.<br \/>\nEl resultado de la selecci\u00f3n ser\u00e1 publicado en www.procrear.anses.gob.ar y notificado por correo electr\u00f3nico a todos los inscriptos.<br \/>\nAsimismo, la ANSES recuerda que hoy, 20 de septiembre, cobran los jubilados y pensionados cuyos haberes no superan los $6432 y sus documentos terminan en 8. Los calendarios de pagos de todas las prestaciones pueden consultarse en www.anses.gob.ar. <\/p>\n","protected":false},"excerpt":{"rendered":"<p>La ANSES informa que el viernes 30 de septiembre dar\u00e1 a conocer el listado de las personas que podr\u00e1n acceder a los cr\u00e9ditos de la primera etapa de Soluci\u00f3n Casa Propia, el cual surge de la verificaci\u00f3n de los datos declarados con las bases de AFIP, BCRA y la ANSES de quienes se anotaron hasta [&hellip;]<\/p>\n","protected":false},"author":4,"featured_media":5359,"comment_status":"open","ping_status":"closed","sticky":false,"template":"","format":"standard","meta":{"om_disable_all_campaigns":false,"_jetpack_memberships_contains_paid_content":false,"footnotes":""},"categories":[101,2],"tags":[],"class_list":["post-8202","post","type-post","status-publish","format-standard","has-post-thumbnail","hentry","category-interes-general-locales","category-locales"],"aioseo_notices":[],"gutentor_comment":0,"jetpack_featured_media_url":"https:\/\/eldiariodesanpedro.com.ar\/sitio\/wp-content\/uploads\/2016\/06\/anses.jpg","jetpack_shortlink":"https:\/\/wp.me\/p6RhLt-28i","jetpack_sharing_enabled":true,"_links":{"self":[{"href":"https:\/\/eldiariodesanpedro.com.ar\/sitio\/wp-json\/wp\/v2\/posts\/8202","targetHints":{"allow":["GET"]}}],"collection":[{"href":"https:\/\/eldiariodesanpedro.com.ar\/sitio\/wp-json\/wp\/v2\/posts"}],"about":[{"href":"https:\/\/eldiariodesanpedro.com.ar\/sitio\/wp-json\/wp\/v2\/types\/post"}],"author":[{"embeddable":true,"href":"https:\/\/eldiariodesanpedro.com.ar\/sitio\/wp-json\/wp\/v2\/users\/4"}],"replies":[{"embeddable":true,"href":"https:\/\/eldiariodesanpedro.com.ar\/sitio\/wp-json\/wp\/v2\/comments?post=8202"}],"version-history":[{"count":1,"href":"https:\/\/eldiariodesanpedro.com.ar\/sitio\/wp-json\/wp\/v2\/posts\/8202\/revisions"}],"predecessor-version":[{"id":8203,"href":"https:\/\/eldiariodesanpedro.com.ar\/sitio\/wp-json\/wp\/v2\/posts\/8202\/revisions\/8203"}],"wp:featuredmedia":[{"embeddable":true,"href":"https:\/\/eldiariodesanpedro.com.ar\/sitio\/wp-json\/wp\/v2\/media\/5359"}],"wp:attachment":[{"href":"https:\/\/eldiariodesanpedro.com.ar\/sitio\/wp-json\/wp\/v2\/media?parent=8202"}],"wp:term":[{"taxonomy":"category","embeddable":true,"href":"https:\/\/eldiariodesanpedro.com.ar\/sitio\/wp-json\/wp\/v2\/categories?post=8202"},{"taxonomy":"post_tag","embeddable":true,"href":"https:\/\/eldiariodesanpedro.com.ar\/sitio\/wp-json\/wp\/v2\/tags?post=8202"}],"curies":[{"name":"wp","href":"https:\/\/api.w.org\/{rel}","templated":true}]}}