{"id":82011,"date":"2020-10-09T11:09:03","date_gmt":"2020-10-09T14:09:03","guid":{"rendered":"https:\/\/eldiariodesanpedro.com.ar\/sitio\/?p=82011"},"modified":"2020-10-09T11:09:07","modified_gmt":"2020-10-09T14:09:07","slug":"recuperan-una-bicicleta-que-habia-sido-robada-el-mes-pasado","status":"publish","type":"post","link":"https:\/\/eldiariodesanpedro.com.ar\/sitio\/recuperan-una-bicicleta-que-habia-sido-robada-el-mes-pasado\/","title":{"rendered":"Recuperan una bicicleta que hab\u00eda sido robada el mes pasado"},"content":{"rendered":"<!-- VideographyWP Plugin Message: Automatic video embedding prevented by plugin options. -->\n\n<p>En la tarde de este jueves la polic\u00eda de nuestra ciudad fue alertada por un ciudadano que hab\u00eda sido v\u00edctima de un robo de una bicicleta en el mes de septiembre y al verla con otra persona circulando en la v\u00eda p\u00fablica dio aviso al 911 para poder recuperarla.<\/p>\n\n\n\n<p>El m\u00f3vil policial pudo interceptar a una mujer mayor de edad en calle 11 de Septiembre y Alvarado que circulaba con en el rodado que fue denunciado previamente por lo que esta persona fue trasladada hasta la comisar\u00eda local quedando imputada como encubrimiento y su posterior libertad.<\/p>\n\n\n\n<p>La bicicleta hab\u00eda sido robada el pasado 9 de septiembre en una vivienda ubicada en calle Salta al 1100 por lo que su propietario hab\u00eda realizado la denuncia.<\/p>\n\n\n\n<p>El bien fue restituido a su propietario.<\/p>\n","protected":false},"excerpt":{"rendered":"<p>En la tarde de este jueves la polic\u00eda de nuestra ciudad fue alertada por un ciudadano que hab\u00eda sido v\u00edctima de un robo de una bicicleta en el mes de septiembre y al verla con otra persona circulando en la v\u00eda p\u00fablica dio aviso al 911 para poder recuperarla. El m\u00f3vil policial pudo interceptar a [&hellip;]<\/p>\n","protected":false},"author":4,"featured_media":82012,"comment_status":"open","ping_status":"closed","sticky":false,"template":"","format":"standard","meta":{"om_disable_all_campaigns":false,"_jetpack_memberships_contains_paid_content":false,"footnotes":""},"categories":[2,103],"tags":[197,33,95],"class_list":["post-82011","post","type-post","status-publish","format-standard","has-post-thumbnail","hentry","category-locales","category-policiales-locales","tag-buenos-aires","tag-locales","tag-policiales"],"aioseo_notices":[],"gutentor_comment":0,"jetpack_featured_media_url":"https:\/\/eldiariodesanpedro.com.ar\/sitio\/wp-content\/uploads\/2020\/10\/WhatsApp-Image-2020-10-09-at-09.51.31-3.jpeg","jetpack_shortlink":"https:\/\/wp.me\/p6RhLt-lkL","jetpack_sharing_enabled":true,"_links":{"self":[{"href":"https:\/\/eldiariodesanpedro.com.ar\/sitio\/wp-json\/wp\/v2\/posts\/82011","targetHints":{"allow":["GET"]}}],"collection":[{"href":"https:\/\/eldiariodesanpedro.com.ar\/sitio\/wp-json\/wp\/v2\/posts"}],"about":[{"href":"https:\/\/eldiariodesanpedro.com.ar\/sitio\/wp-json\/wp\/v2\/types\/post"}],"author":[{"embeddable":true,"href":"https:\/\/eldiariodesanpedro.com.ar\/sitio\/wp-json\/wp\/v2\/users\/4"}],"replies":[{"embeddable":true,"href":"https:\/\/eldiariodesanpedro.com.ar\/sitio\/wp-json\/wp\/v2\/comments?post=82011"}],"version-history":[{"count":1,"href":"https:\/\/eldiariodesanpedro.com.ar\/sitio\/wp-json\/wp\/v2\/posts\/82011\/revisions"}],"predecessor-version":[{"id":82013,"href":"https:\/\/eldiariodesanpedro.com.ar\/sitio\/wp-json\/wp\/v2\/posts\/82011\/revisions\/82013"}],"wp:featuredmedia":[{"embeddable":true,"href":"https:\/\/eldiariodesanpedro.com.ar\/sitio\/wp-json\/wp\/v2\/media\/82012"}],"wp:attachment":[{"href":"https:\/\/eldiariodesanpedro.com.ar\/sitio\/wp-json\/wp\/v2\/media?parent=82011"}],"wp:term":[{"taxonomy":"category","embeddable":true,"href":"https:\/\/eldiariodesanpedro.com.ar\/sitio\/wp-json\/wp\/v2\/categories?post=82011"},{"taxonomy":"post_tag","embeddable":true,"href":"https:\/\/eldiariodesanpedro.com.ar\/sitio\/wp-json\/wp\/v2\/tags?post=82011"}],"curies":[{"name":"wp","href":"https:\/\/api.w.org\/{rel}","templated":true}]}}