{"id":82008,"date":"2020-10-09T10:59:26","date_gmt":"2020-10-09T13:59:26","guid":{"rendered":"https:\/\/eldiariodesanpedro.com.ar\/sitio\/?p=82008"},"modified":"2020-10-09T10:59:29","modified_gmt":"2020-10-09T13:59:29","slug":"circulaba-en-la-via-publica-con-un-cuchillo-y-fue-aprehendido","status":"publish","type":"post","link":"https:\/\/eldiariodesanpedro.com.ar\/sitio\/circulaba-en-la-via-publica-con-un-cuchillo-y-fue-aprehendido\/","title":{"rendered":"Circulaba en la v\u00eda p\u00fablica con un cuchillo y fue aprehendido"},"content":{"rendered":"<!-- VideographyWP Plugin Message: Automatic video embedding prevented by plugin options. -->\n\n<p>En la tarde de este jueves la polic\u00eda realiz\u00f3 la aprehensi\u00f3n de un ciudadano mayor de edad por tenencia de un arma blanca.<\/p>\n\n\n\n<p>En la tarde del jueves un ciudadano de 26 a\u00f1os de edad que se encontraba circulando en la v\u00eda p\u00fablica fue interceptado por un m\u00f3vil policial en calle R\u00f3mulo Nahon y Av. Espa\u00f1a en zona costanera, al que cuando se le realiza el correspondiente cacheo se pudo encontrar entre sus prendas un arma blanca tipo cuchillo por lo que fue aprehendido y trasladado a la comisar\u00eda local donde tom\u00f3 intervenci\u00f3n el juzgado de paz local por realizar una contravenci\u00f3n, y puesto en libertad.<\/p>\n","protected":false},"excerpt":{"rendered":"<p>En la tarde de este jueves la polic\u00eda realiz\u00f3 la aprehensi\u00f3n de un ciudadano mayor de edad por tenencia de un arma blanca. En la tarde del jueves un ciudadano de 26 a\u00f1os de edad que se encontraba circulando en la v\u00eda p\u00fablica fue interceptado por un m\u00f3vil policial en calle R\u00f3mulo Nahon y Av. [&hellip;]<\/p>\n","protected":false},"author":4,"featured_media":82009,"comment_status":"open","ping_status":"closed","sticky":false,"template":"","format":"standard","meta":{"om_disable_all_campaigns":false,"_jetpack_memberships_contains_paid_content":false,"footnotes":""},"categories":[2,103],"tags":[197,33,95],"class_list":["post-82008","post","type-post","status-publish","format-standard","has-post-thumbnail","hentry","category-locales","category-policiales-locales","tag-buenos-aires","tag-locales","tag-policiales"],"aioseo_notices":[],"gutentor_comment":0,"jetpack_featured_media_url":"https:\/\/eldiariodesanpedro.com.ar\/sitio\/wp-content\/uploads\/2020\/10\/WhatsApp-Image-2020-10-09-at-09.51.33.jpeg","jetpack_shortlink":"https:\/\/wp.me\/p6RhLt-lkI","jetpack_sharing_enabled":true,"_links":{"self":[{"href":"https:\/\/eldiariodesanpedro.com.ar\/sitio\/wp-json\/wp\/v2\/posts\/82008","targetHints":{"allow":["GET"]}}],"collection":[{"href":"https:\/\/eldiariodesanpedro.com.ar\/sitio\/wp-json\/wp\/v2\/posts"}],"about":[{"href":"https:\/\/eldiariodesanpedro.com.ar\/sitio\/wp-json\/wp\/v2\/types\/post"}],"author":[{"embeddable":true,"href":"https:\/\/eldiariodesanpedro.com.ar\/sitio\/wp-json\/wp\/v2\/users\/4"}],"replies":[{"embeddable":true,"href":"https:\/\/eldiariodesanpedro.com.ar\/sitio\/wp-json\/wp\/v2\/comments?post=82008"}],"version-history":[{"count":1,"href":"https:\/\/eldiariodesanpedro.com.ar\/sitio\/wp-json\/wp\/v2\/posts\/82008\/revisions"}],"predecessor-version":[{"id":82010,"href":"https:\/\/eldiariodesanpedro.com.ar\/sitio\/wp-json\/wp\/v2\/posts\/82008\/revisions\/82010"}],"wp:featuredmedia":[{"embeddable":true,"href":"https:\/\/eldiariodesanpedro.com.ar\/sitio\/wp-json\/wp\/v2\/media\/82009"}],"wp:attachment":[{"href":"https:\/\/eldiariodesanpedro.com.ar\/sitio\/wp-json\/wp\/v2\/media?parent=82008"}],"wp:term":[{"taxonomy":"category","embeddable":true,"href":"https:\/\/eldiariodesanpedro.com.ar\/sitio\/wp-json\/wp\/v2\/categories?post=82008"},{"taxonomy":"post_tag","embeddable":true,"href":"https:\/\/eldiariodesanpedro.com.ar\/sitio\/wp-json\/wp\/v2\/tags?post=82008"}],"curies":[{"name":"wp","href":"https:\/\/api.w.org\/{rel}","templated":true}]}}