{"id":8199,"date":"2016-09-19T19:03:03","date_gmt":"2016-09-19T22:03:03","guid":{"rendered":"https:\/\/eldiariodesanpedro.com.ar\/sitio\/?p=8199"},"modified":"2016-09-19T19:03:03","modified_gmt":"2016-09-19T22:03:03","slug":"continua-la-campana-de-vacunacion-antirrabica","status":"publish","type":"post","link":"https:\/\/eldiariodesanpedro.com.ar\/sitio\/continua-la-campana-de-vacunacion-antirrabica\/","title":{"rendered":"Contin\u00faa la campa\u00f1a de vacunaci\u00f3n antirr\u00e1bica"},"content":{"rendered":"<p><!-- VideographyWP Plugin Message: Automatic video embedding prevented by plugin options. --><br \/>\nEl Departamento de Bromatolog\u00eda e Higiene informa que, a partir a las 11.00, continuar\u00e1n con la campa\u00f1a de vacunaci\u00f3n antirr\u00e1bica. Comenzar\u00e1n con los barrios Los Aromos y Aromitos para luego continuar con Arcor, Futuro y Bajo Puerto.<\/p>\n","protected":false},"excerpt":{"rendered":"<p>El Departamento de Bromatolog\u00eda e Higiene informa que, a partir a las 11.00, continuar\u00e1n con la campa\u00f1a de vacunaci\u00f3n antirr\u00e1bica. Comenzar\u00e1n con los barrios Los Aromos y Aromitos para luego continuar con Arcor, Futuro y Bajo Puerto.<\/p>\n","protected":false},"author":4,"featured_media":8200,"comment_status":"open","ping_status":"closed","sticky":false,"template":"","format":"standard","meta":{"om_disable_all_campaigns":false,"_jetpack_memberships_contains_paid_content":false,"footnotes":""},"categories":[101,2],"tags":[],"class_list":["post-8199","post","type-post","status-publish","format-standard","has-post-thumbnail","hentry","category-interes-general-locales","category-locales"],"aioseo_notices":[],"gutentor_comment":0,"jetpack_featured_media_url":"https:\/\/eldiariodesanpedro.com.ar\/sitio\/wp-content\/uploads\/2016\/09\/Vani.jpg","jetpack_shortlink":"https:\/\/wp.me\/p6RhLt-28f","jetpack_sharing_enabled":true,"_links":{"self":[{"href":"https:\/\/eldiariodesanpedro.com.ar\/sitio\/wp-json\/wp\/v2\/posts\/8199","targetHints":{"allow":["GET"]}}],"collection":[{"href":"https:\/\/eldiariodesanpedro.com.ar\/sitio\/wp-json\/wp\/v2\/posts"}],"about":[{"href":"https:\/\/eldiariodesanpedro.com.ar\/sitio\/wp-json\/wp\/v2\/types\/post"}],"author":[{"embeddable":true,"href":"https:\/\/eldiariodesanpedro.com.ar\/sitio\/wp-json\/wp\/v2\/users\/4"}],"replies":[{"embeddable":true,"href":"https:\/\/eldiariodesanpedro.com.ar\/sitio\/wp-json\/wp\/v2\/comments?post=8199"}],"version-history":[{"count":1,"href":"https:\/\/eldiariodesanpedro.com.ar\/sitio\/wp-json\/wp\/v2\/posts\/8199\/revisions"}],"predecessor-version":[{"id":8201,"href":"https:\/\/eldiariodesanpedro.com.ar\/sitio\/wp-json\/wp\/v2\/posts\/8199\/revisions\/8201"}],"wp:featuredmedia":[{"embeddable":true,"href":"https:\/\/eldiariodesanpedro.com.ar\/sitio\/wp-json\/wp\/v2\/media\/8200"}],"wp:attachment":[{"href":"https:\/\/eldiariodesanpedro.com.ar\/sitio\/wp-json\/wp\/v2\/media?parent=8199"}],"wp:term":[{"taxonomy":"category","embeddable":true,"href":"https:\/\/eldiariodesanpedro.com.ar\/sitio\/wp-json\/wp\/v2\/categories?post=8199"},{"taxonomy":"post_tag","embeddable":true,"href":"https:\/\/eldiariodesanpedro.com.ar\/sitio\/wp-json\/wp\/v2\/tags?post=8199"}],"curies":[{"name":"wp","href":"https:\/\/api.w.org\/{rel}","templated":true}]}}