{"id":81982,"date":"2020-10-08T19:21:02","date_gmt":"2020-10-08T22:21:02","guid":{"rendered":"https:\/\/eldiariodesanpedro.com.ar\/sitio\/?p=81982"},"modified":"2020-10-08T19:21:06","modified_gmt":"2020-10-08T22:21:06","slug":"baradero-un-inspector-de-transito-fue-amenazado-con-un-arma","status":"publish","type":"post","link":"https:\/\/eldiariodesanpedro.com.ar\/sitio\/baradero-un-inspector-de-transito-fue-amenazado-con-un-arma\/","title":{"rendered":"BARADERO | Un inspector de tr\u00e1nsito fue amenazado con un arma"},"content":{"rendered":"<!-- VideographyWP Plugin Message: Automatic video embedding prevented by plugin options. -->\n\n<p>En la tarde de ayer, cuando se prestaba para comenzar su jornada laboral, un inspector de tr\u00e1nsito de nuestra ciudad fue amenazado con un arma de fuego.<\/p>\n\n\n\n<p>El inspector sal\u00eda de su vivienda, por el barrio del cementerio, cuando fue interceptado por un hombre quien lo amenaz\u00f3 con un arma de fuego.<\/p>\n\n\n\n<p>El problema estar\u00eda adjudicado a una situaci\u00f3n conflictiva en la que inspectores le secuestraron la moto a la persona que amenaz\u00f3 al inspector.<\/p>\n\n\n\n<p>El agente municipal golpeo con el bolso que llevaba en el momento de ser amenazado a qui\u00e9n portaba el arma para disuadir la situaci\u00f3n.<\/p>\n\n\n\n<p>Fuente: <a href=\"https:\/\/www.baraderoteinforma.com.ar\/policiales-un-inspector-de-transito-fue-amenazado-con-un-arma\/\">Baradero Te Informa<\/a><\/p>\n","protected":false},"excerpt":{"rendered":"<p>En la tarde de ayer, cuando se prestaba para comenzar su jornada laboral, un inspector de tr\u00e1nsito de nuestra ciudad fue amenazado con un arma de fuego. El inspector sal\u00eda de su vivienda, por el barrio del cementerio, cuando fue interceptado por un hombre quien lo amenaz\u00f3 con un arma de fuego. El problema estar\u00eda [&hellip;]<\/p>\n","protected":false},"author":4,"featured_media":81983,"comment_status":"open","ping_status":"closed","sticky":false,"template":"","format":"standard","meta":{"om_disable_all_campaigns":false,"_jetpack_memberships_contains_paid_content":false,"footnotes":""},"categories":[621],"tags":[139,197,681],"class_list":["post-81982","post","type-post","status-publish","format-standard","has-post-thumbnail","hentry","category-regionales","tag-baradero","tag-buenos-aires","tag-regionales"],"aioseo_notices":[],"gutentor_comment":0,"jetpack_featured_media_url":"https:\/\/eldiariodesanpedro.com.ar\/sitio\/wp-content\/uploads\/2020\/10\/DSC_0010-640x480-1.jpg","jetpack_shortlink":"https:\/\/wp.me\/p6RhLt-lki","jetpack_sharing_enabled":true,"_links":{"self":[{"href":"https:\/\/eldiariodesanpedro.com.ar\/sitio\/wp-json\/wp\/v2\/posts\/81982","targetHints":{"allow":["GET"]}}],"collection":[{"href":"https:\/\/eldiariodesanpedro.com.ar\/sitio\/wp-json\/wp\/v2\/posts"}],"about":[{"href":"https:\/\/eldiariodesanpedro.com.ar\/sitio\/wp-json\/wp\/v2\/types\/post"}],"author":[{"embeddable":true,"href":"https:\/\/eldiariodesanpedro.com.ar\/sitio\/wp-json\/wp\/v2\/users\/4"}],"replies":[{"embeddable":true,"href":"https:\/\/eldiariodesanpedro.com.ar\/sitio\/wp-json\/wp\/v2\/comments?post=81982"}],"version-history":[{"count":1,"href":"https:\/\/eldiariodesanpedro.com.ar\/sitio\/wp-json\/wp\/v2\/posts\/81982\/revisions"}],"predecessor-version":[{"id":81984,"href":"https:\/\/eldiariodesanpedro.com.ar\/sitio\/wp-json\/wp\/v2\/posts\/81982\/revisions\/81984"}],"wp:featuredmedia":[{"embeddable":true,"href":"https:\/\/eldiariodesanpedro.com.ar\/sitio\/wp-json\/wp\/v2\/media\/81983"}],"wp:attachment":[{"href":"https:\/\/eldiariodesanpedro.com.ar\/sitio\/wp-json\/wp\/v2\/media?parent=81982"}],"wp:term":[{"taxonomy":"category","embeddable":true,"href":"https:\/\/eldiariodesanpedro.com.ar\/sitio\/wp-json\/wp\/v2\/categories?post=81982"},{"taxonomy":"post_tag","embeddable":true,"href":"https:\/\/eldiariodesanpedro.com.ar\/sitio\/wp-json\/wp\/v2\/tags?post=81982"}],"curies":[{"name":"wp","href":"https:\/\/api.w.org\/{rel}","templated":true}]}}