{"id":81971,"date":"2020-10-08T19:05:24","date_gmt":"2020-10-08T22:05:24","guid":{"rendered":"https:\/\/eldiariodesanpedro.com.ar\/sitio\/?p=81971"},"modified":"2020-10-08T19:05:25","modified_gmt":"2020-10-08T22:05:25","slug":"zarate-hombre-atrincherado-intervino-el-grupo-halcon-y-pudo-ser-trasladado-al-hospital","status":"publish","type":"post","link":"https:\/\/eldiariodesanpedro.com.ar\/sitio\/zarate-hombre-atrincherado-intervino-el-grupo-halcon-y-pudo-ser-trasladado-al-hospital\/","title":{"rendered":"Z\u00c1RATE | Hombre atrincherado: intervino el Grupo Halc\u00f3n y pudo ser trasladado al hospital"},"content":{"rendered":"<!-- VideographyWP Plugin Message: Automatic video embedding prevented by plugin options. -->\n\n<p>Ocurri\u00f3 en Z\u00e1rate esta ma\u00f1ana cuando un vecino de Balcarce al 900, entre Quirno y Andrade, intent\u00f3 herir a otro que ingresaba con su moto al domicilio.<\/p>\n\n\n\n<p>Tras mantener tambi\u00e9n una confrontaci\u00f3n con personal del Comando Patrulla, se atrincher\u00f3 en su casa.<\/p>\n\n\n\n<p>El negociador del Grupo GAD dialog\u00f3 con el hombre pero finalmente se requiri\u00f3 de la presencia del Grupo Halc\u00f3n. Poco antes de las 10.30hs se puso fin a la intervenci\u00f3n.<\/p>\n\n\n\n<p>De manera preventiva fue trasladado escoltado al Hospital Virgen del Carmen para examinar su estado de salud.<\/p>\n\n\n\n<p>Intervino el Comando Patrulla, Comisar\u00eda 1ra, Prefectura, SEMU, Secretar\u00eda de Seguridad, el Instructor Judicial Dr. Ram\u00edrez de la UFI N\u00b0 7, GPM y dem\u00e1s fuerzas.<\/p>\n\n\n\n<p>Fuente: <a href=\"http:\/\/www.enlacecritico.com\/destacados\/hombre-atrincherado-intervino-el-grupo-halcon-y-pudo-ser-trasladado-al-hospital\/\">Enlace Critico<\/a><\/p>\n\n\n\n<figure class=\"wp-block-image size-large\"><img decoding=\"async\" width=\"658\" height=\"400\" data-attachment-id=\"81973\" data-permalink=\"https:\/\/eldiariodesanpedro.com.ar\/sitio\/zarate-hombre-atrincherado-intervino-el-grupo-halcon-y-pudo-ser-trasladado-al-hospital\/img_20201008_103115\/\" data-orig-file=\"https:\/\/eldiariodesanpedro.com.ar\/sitio\/wp-content\/uploads\/2020\/10\/IMG_20201008_103115.jpg\" data-orig-size=\"658,400\" data-comments-opened=\"1\" data-image-meta=\"{&quot;aperture&quot;:&quot;0&quot;,&quot;credit&quot;:&quot;&quot;,&quot;camera&quot;:&quot;&quot;,&quot;caption&quot;:&quot;&quot;,&quot;created_timestamp&quot;:&quot;0&quot;,&quot;copyright&quot;:&quot;&quot;,&quot;focal_length&quot;:&quot;0&quot;,&quot;iso&quot;:&quot;0&quot;,&quot;shutter_speed&quot;:&quot;0&quot;,&quot;title&quot;:&quot;&quot;,&quot;orientation&quot;:&quot;0&quot;}\" data-image-title=\"IMG_20201008_103115\" data-image-description=\"\" data-image-caption=\"\" data-large-file=\"https:\/\/eldiariodesanpedro.com.ar\/sitio\/wp-content\/uploads\/2020\/10\/IMG_20201008_103115.jpg\" data-src=\"https:\/\/eldiariodesanpedro.com.ar\/sitio\/wp-content\/uploads\/2020\/10\/IMG_20201008_103115.jpg\" alt=\"\" class=\"wp-image-81973 lazyload\" data-srcset=\"https:\/\/eldiariodesanpedro.com.ar\/sitio\/wp-content\/uploads\/2020\/10\/IMG_20201008_103115.jpg 658w, https:\/\/eldiariodesanpedro.com.ar\/sitio\/wp-content\/uploads\/2020\/10\/IMG_20201008_103115-300x182.jpg 300w\" data-sizes=\"(max-width: 658px) 100vw, 658px\" src=\"data:image\/svg+xml;base64,PHN2ZyB3aWR0aD0iMSIgaGVpZ2h0PSIxIiB4bWxucz0iaHR0cDovL3d3dy53My5vcmcvMjAwMC9zdmciPjwvc3ZnPg==\" style=\"--smush-placeholder-width: 658px; --smush-placeholder-aspect-ratio: 658\/400;\" \/><\/figure>\n","protected":false},"excerpt":{"rendered":"<p>Ocurri\u00f3 en Z\u00e1rate esta ma\u00f1ana cuando un vecino de Balcarce al 900, entre Quirno y Andrade, intent\u00f3 herir a otro que ingresaba con su moto al domicilio. Tras mantener tambi\u00e9n una confrontaci\u00f3n con personal del Comando Patrulla, se atrincher\u00f3 en su casa. El negociador del Grupo GAD dialog\u00f3 con el hombre pero finalmente se requiri\u00f3 [&hellip;]<\/p>\n","protected":false},"author":4,"featured_media":81972,"comment_status":"open","ping_status":"closed","sticky":false,"template":"","format":"standard","meta":{"om_disable_all_campaigns":false,"_jetpack_memberships_contains_paid_content":false,"footnotes":""},"categories":[621],"tags":[197,681,707],"class_list":["post-81971","post","type-post","status-publish","format-standard","has-post-thumbnail","hentry","category-regionales","tag-buenos-aires","tag-regionales","tag-zarate"],"aioseo_notices":[],"gutentor_comment":0,"jetpack_featured_media_url":"https:\/\/eldiariodesanpedro.com.ar\/sitio\/wp-content\/uploads\/2020\/10\/IMG_20201008_094612.jpg","jetpack_shortlink":"https:\/\/wp.me\/p6RhLt-lk7","jetpack_sharing_enabled":true,"_links":{"self":[{"href":"https:\/\/eldiariodesanpedro.com.ar\/sitio\/wp-json\/wp\/v2\/posts\/81971","targetHints":{"allow":["GET"]}}],"collection":[{"href":"https:\/\/eldiariodesanpedro.com.ar\/sitio\/wp-json\/wp\/v2\/posts"}],"about":[{"href":"https:\/\/eldiariodesanpedro.com.ar\/sitio\/wp-json\/wp\/v2\/types\/post"}],"author":[{"embeddable":true,"href":"https:\/\/eldiariodesanpedro.com.ar\/sitio\/wp-json\/wp\/v2\/users\/4"}],"replies":[{"embeddable":true,"href":"https:\/\/eldiariodesanpedro.com.ar\/sitio\/wp-json\/wp\/v2\/comments?post=81971"}],"version-history":[{"count":1,"href":"https:\/\/eldiariodesanpedro.com.ar\/sitio\/wp-json\/wp\/v2\/posts\/81971\/revisions"}],"predecessor-version":[{"id":81974,"href":"https:\/\/eldiariodesanpedro.com.ar\/sitio\/wp-json\/wp\/v2\/posts\/81971\/revisions\/81974"}],"wp:featuredmedia":[{"embeddable":true,"href":"https:\/\/eldiariodesanpedro.com.ar\/sitio\/wp-json\/wp\/v2\/media\/81972"}],"wp:attachment":[{"href":"https:\/\/eldiariodesanpedro.com.ar\/sitio\/wp-json\/wp\/v2\/media?parent=81971"}],"wp:term":[{"taxonomy":"category","embeddable":true,"href":"https:\/\/eldiariodesanpedro.com.ar\/sitio\/wp-json\/wp\/v2\/categories?post=81971"},{"taxonomy":"post_tag","embeddable":true,"href":"https:\/\/eldiariodesanpedro.com.ar\/sitio\/wp-json\/wp\/v2\/tags?post=81971"}],"curies":[{"name":"wp","href":"https:\/\/api.w.org\/{rel}","templated":true}]}}