{"id":81968,"date":"2020-10-08T19:02:56","date_gmt":"2020-10-08T22:02:56","guid":{"rendered":"https:\/\/eldiariodesanpedro.com.ar\/sitio\/?p=81968"},"modified":"2020-10-08T19:03:00","modified_gmt":"2020-10-08T22:03:00","slug":"salto-se-extendio-hasta-las-23-los-horarios-de-algunos-rubros-comerciales","status":"publish","type":"post","link":"https:\/\/eldiariodesanpedro.com.ar\/sitio\/salto-se-extendio-hasta-las-23-los-horarios-de-algunos-rubros-comerciales\/","title":{"rendered":"SALTO | Se extendi\u00f3 hasta las 23 los horarios de algunos rubros comerciales"},"content":{"rendered":"<!-- VideographyWP Plugin Message: Automatic video embedding prevented by plugin options. -->\n\n<p><strong>La Municipalidad de Salto acept\u00f3 modificar el horario de comercio en cuatro rubros y extender sus plazos<\/strong>:&nbsp;<strong>as\u00ed<\/strong>&nbsp;<strong>la atenci\u00f3n pasa a ser hasta las 23:00 horas a partir de este jueves 8.&nbsp;<\/strong>La medida fue informada de manera oficial a trav\u00e9s de las v\u00edas de comunicaci\u00f3n del gobierno de la vecina ciudad.&nbsp;<\/p>\n\n\n\n<p>Los distintos comercios atend\u00edan&nbsp;actualmente hasta las 20:00, de acuerdo a lo dispuesto tiempo atr\u00e1s, en funci\u00f3n de las medidas de distanciamiento social. Pero en base&nbsp;a&nbsp;los reclamos de comerciantes, desde ayer&nbsp;el Ejecutivo saltense comenz\u00f3 a analizar la posibilidad de la extensi\u00f3n, hecho que finalmente se concret\u00f3.&nbsp;<\/p>\n\n\n\n<p>La nueva norma abarca cuatro rubros:&nbsp;<strong>kioscos, despensas, helader\u00edas y gastron\u00f3micos s\u00f3lo con mesas al aire libre<\/strong>.<\/p>\n\n\n\n<p>La disposici\u00f3n contin\u00faa&nbsp;estableciendo&nbsp;que \u201clos restaurantes y bares podr\u00e1n funcionar en&nbsp;<strong>modalidad presencial con mesas al aire libre<\/strong>\u201c. En tanto, las&nbsp;<strong>estaciones de servicio podr\u00e1n permanecer abiertas las 24 hs<\/strong>.<\/p>\n\n\n\n<p>\u201c<strong>Para el resto de los rubros se mantiene el horario hasta las 20\u2033<\/strong>, indicaron desde el Municipio comandado por el intendente Ricardo Alessandro.<\/p>\n\n\n\n<p>Fuente: Salto Hoy<\/p>\n","protected":false},"excerpt":{"rendered":"<p>La Municipalidad de Salto acept\u00f3 modificar el horario de comercio en cuatro rubros y extender sus plazos:&nbsp;as\u00ed&nbsp;la atenci\u00f3n pasa a ser hasta las 23:00 horas a partir de este jueves 8.&nbsp;La medida fue informada de manera oficial a trav\u00e9s de las v\u00edas de comunicaci\u00f3n del gobierno de la vecina ciudad.&nbsp; Los distintos comercios atend\u00edan&nbsp;actualmente hasta [&hellip;]<\/p>\n","protected":false},"author":4,"featured_media":81969,"comment_status":"open","ping_status":"closed","sticky":false,"template":"","format":"standard","meta":{"om_disable_all_campaigns":false,"_jetpack_memberships_contains_paid_content":false,"footnotes":""},"categories":[621],"tags":[197,681,1264],"class_list":["post-81968","post","type-post","status-publish","format-standard","has-post-thumbnail","hentry","category-regionales","tag-buenos-aires","tag-regionales","tag-salto"],"aioseo_notices":[],"gutentor_comment":0,"jetpack_featured_media_url":"https:\/\/eldiariodesanpedro.com.ar\/sitio\/wp-content\/uploads\/2020\/10\/Salto-centro-750x510-1.png","jetpack_shortlink":"https:\/\/wp.me\/p6RhLt-lk4","jetpack_sharing_enabled":true,"_links":{"self":[{"href":"https:\/\/eldiariodesanpedro.com.ar\/sitio\/wp-json\/wp\/v2\/posts\/81968","targetHints":{"allow":["GET"]}}],"collection":[{"href":"https:\/\/eldiariodesanpedro.com.ar\/sitio\/wp-json\/wp\/v2\/posts"}],"about":[{"href":"https:\/\/eldiariodesanpedro.com.ar\/sitio\/wp-json\/wp\/v2\/types\/post"}],"author":[{"embeddable":true,"href":"https:\/\/eldiariodesanpedro.com.ar\/sitio\/wp-json\/wp\/v2\/users\/4"}],"replies":[{"embeddable":true,"href":"https:\/\/eldiariodesanpedro.com.ar\/sitio\/wp-json\/wp\/v2\/comments?post=81968"}],"version-history":[{"count":1,"href":"https:\/\/eldiariodesanpedro.com.ar\/sitio\/wp-json\/wp\/v2\/posts\/81968\/revisions"}],"predecessor-version":[{"id":81970,"href":"https:\/\/eldiariodesanpedro.com.ar\/sitio\/wp-json\/wp\/v2\/posts\/81968\/revisions\/81970"}],"wp:featuredmedia":[{"embeddable":true,"href":"https:\/\/eldiariodesanpedro.com.ar\/sitio\/wp-json\/wp\/v2\/media\/81969"}],"wp:attachment":[{"href":"https:\/\/eldiariodesanpedro.com.ar\/sitio\/wp-json\/wp\/v2\/media?parent=81968"}],"wp:term":[{"taxonomy":"category","embeddable":true,"href":"https:\/\/eldiariodesanpedro.com.ar\/sitio\/wp-json\/wp\/v2\/categories?post=81968"},{"taxonomy":"post_tag","embeddable":true,"href":"https:\/\/eldiariodesanpedro.com.ar\/sitio\/wp-json\/wp\/v2\/tags?post=81968"}],"curies":[{"name":"wp","href":"https:\/\/api.w.org\/{rel}","templated":true}]}}