{"id":81960,"date":"2020-10-08T18:34:31","date_gmt":"2020-10-08T21:34:31","guid":{"rendered":"https:\/\/eldiariodesanpedro.com.ar\/sitio\/?p=81960"},"modified":"2020-10-08T18:34:35","modified_gmt":"2020-10-08T21:34:35","slug":"el-secretario-de-salud-participo-de-una-reunion-virtual-con-el-gobernador","status":"publish","type":"post","link":"https:\/\/eldiariodesanpedro.com.ar\/sitio\/el-secretario-de-salud-participo-de-una-reunion-virtual-con-el-gobernador\/","title":{"rendered":"El Secretario de Salud particip\u00f3 de una reuni\u00f3n virtual con el Gobernador"},"content":{"rendered":"<!-- VideographyWP Plugin Message: Automatic video embedding prevented by plugin options. -->\n\n<p>El mandatario destac\u00f3 que de acuerdo a los datos de toda la provincia el pico de cantidad de casos se registr\u00f3 en la semana epidemiol\u00f3gica N\u00ba40 y que transcurriendo la semana N\u00ba45 se observa una disminuci\u00f3n en el promedio, aunque esto no se refleja en algunos municipios fuera del AMBA, como es el caso de San Pedro.<\/p>\n\n\n\n<p>Destac\u00f3 que se mantendr\u00e1 el mecanismo de fases y que se realizar\u00e1n relevamientos semanales o bi semanales de acuerdo al nivel de cada ciudad. Para avanzar de fase 4 a 5, ser\u00e1n necesarios menos de 10 contagios cada 100.000 habitantes durante 2 semanas.<\/p>\n\n\n\n<p>Con relaci\u00f3n al regreso de clases, s\u00f3lo podr\u00edan considerarse alternativas de manera paulatina, en aquellos distritos de baja circulaci\u00f3n que se encuentren en fase 5. El gobernador remarc\u00f3 las actividades realizadas v\u00eda zoom y apunt\u00f3 que s\u00f3lo el 8.3% de los alumnos tuvo problemas de conectividad al tiempo que ratific\u00f3 que s\u00f3lo con un protocolo bien planificado se podr\u00edan reanudar las clases, con la tranquilidad de que no se deber\u00eda volver atr\u00e1s en pocos d\u00edas.<\/p>\n\n\n\n<p>Sobre el tema turismo coment\u00f3 que la decisi\u00f3n es apuntalar el regreso de la actividad en todas las ciudades para las cu\u00e1les este movimiento es muy importante pero condicion\u00f3 cualquier fecha o anuncio a la evoluci\u00f3n de la pandemia durante las semanas que estamos transcurriendo. En los pr\u00f3ximos d\u00edas se habilitar\u00eda la circulaci\u00f3n de los due\u00f1os no residentes, se eval\u00faan protocolos, operativos especiales del Plan Detectar junto a un fortalecimiento sanitario y ayuda financiera a municipios tur\u00edsticos, junto a otras iniciativas m\u00e1s espec\u00edficas para cada regi\u00f3n.<\/p>\n\n\n\n<figure class=\"wp-block-image size-large\"><img decoding=\"async\" width=\"1024\" height=\"898\" data-attachment-id=\"81962\" data-permalink=\"https:\/\/eldiariodesanpedro.com.ar\/sitio\/el-secretario-de-salud-participo-de-una-reunion-virtual-con-el-gobernador\/whatsapp-image-2020-10-08-at-17-46-15\/\" data-orig-file=\"https:\/\/eldiariodesanpedro.com.ar\/sitio\/wp-content\/uploads\/2020\/10\/WhatsApp-Image-2020-10-08-at-17.46.15.jpeg\" data-orig-size=\"1280,1122\" data-comments-opened=\"1\" data-image-meta=\"{&quot;aperture&quot;:&quot;0&quot;,&quot;credit&quot;:&quot;&quot;,&quot;camera&quot;:&quot;&quot;,&quot;caption&quot;:&quot;&quot;,&quot;created_timestamp&quot;:&quot;0&quot;,&quot;copyright&quot;:&quot;&quot;,&quot;focal_length&quot;:&quot;0&quot;,&quot;iso&quot;:&quot;0&quot;,&quot;shutter_speed&quot;:&quot;0&quot;,&quot;title&quot;:&quot;&quot;,&quot;orientation&quot;:&quot;0&quot;}\" data-image-title=\"WhatsApp Image 2020-10-08 at 17.46.15\" data-image-description=\"\" data-image-caption=\"\" data-large-file=\"https:\/\/eldiariodesanpedro.com.ar\/sitio\/wp-content\/uploads\/2020\/10\/WhatsApp-Image-2020-10-08-at-17.46.15-1024x898.jpeg\" data-src=\"https:\/\/eldiariodesanpedro.com.ar\/sitio\/wp-content\/uploads\/2020\/10\/WhatsApp-Image-2020-10-08-at-17.46.15-1024x898.jpeg\" alt=\"\" class=\"wp-image-81962 lazyload\" data-srcset=\"https:\/\/eldiariodesanpedro.com.ar\/sitio\/wp-content\/uploads\/2020\/10\/WhatsApp-Image-2020-10-08-at-17.46.15-1024x898.jpeg 1024w, https:\/\/eldiariodesanpedro.com.ar\/sitio\/wp-content\/uploads\/2020\/10\/WhatsApp-Image-2020-10-08-at-17.46.15-300x263.jpeg 300w, https:\/\/eldiariodesanpedro.com.ar\/sitio\/wp-content\/uploads\/2020\/10\/WhatsApp-Image-2020-10-08-at-17.46.15-768x673.jpeg 768w, https:\/\/eldiariodesanpedro.com.ar\/sitio\/wp-content\/uploads\/2020\/10\/WhatsApp-Image-2020-10-08-at-17.46.15.jpeg 1280w\" data-sizes=\"(max-width: 1024px) 100vw, 1024px\" src=\"data:image\/svg+xml;base64,PHN2ZyB3aWR0aD0iMSIgaGVpZ2h0PSIxIiB4bWxucz0iaHR0cDovL3d3dy53My5vcmcvMjAwMC9zdmciPjwvc3ZnPg==\" style=\"--smush-placeholder-width: 1024px; --smush-placeholder-aspect-ratio: 1024\/898;\" \/><\/figure>\n","protected":false},"excerpt":{"rendered":"<p>El mandatario destac\u00f3 que de acuerdo a los datos de toda la provincia el pico de cantidad de casos se registr\u00f3 en la semana epidemiol\u00f3gica N\u00ba40 y que transcurriendo la semana N\u00ba45 se observa una disminuci\u00f3n en el promedio, aunque esto no se refleja en algunos municipios fuera del AMBA, como es el caso de [&hellip;]<\/p>\n","protected":false},"author":4,"featured_media":81961,"comment_status":"open","ping_status":"closed","sticky":false,"template":"","format":"standard","meta":{"om_disable_all_campaigns":false,"_jetpack_memberships_contains_paid_content":false,"footnotes":""},"categories":[50,101,2],"tags":[197,696,33,19],"class_list":["post-81960","post","type-post","status-publish","format-standard","has-post-thumbnail","hentry","category-destacadas","category-interes-general-locales","category-locales","tag-buenos-aires","tag-interes-general","tag-locales","tag-san-pedro"],"aioseo_notices":[],"gutentor_comment":0,"jetpack_featured_media_url":"https:\/\/eldiariodesanpedro.com.ar\/sitio\/wp-content\/uploads\/2020\/10\/WhatsApp-Image-2020-10-08-at-17.46.15-1.jpeg","jetpack_shortlink":"https:\/\/wp.me\/p6RhLt-ljW","jetpack_sharing_enabled":true,"_links":{"self":[{"href":"https:\/\/eldiariodesanpedro.com.ar\/sitio\/wp-json\/wp\/v2\/posts\/81960","targetHints":{"allow":["GET"]}}],"collection":[{"href":"https:\/\/eldiariodesanpedro.com.ar\/sitio\/wp-json\/wp\/v2\/posts"}],"about":[{"href":"https:\/\/eldiariodesanpedro.com.ar\/sitio\/wp-json\/wp\/v2\/types\/post"}],"author":[{"embeddable":true,"href":"https:\/\/eldiariodesanpedro.com.ar\/sitio\/wp-json\/wp\/v2\/users\/4"}],"replies":[{"embeddable":true,"href":"https:\/\/eldiariodesanpedro.com.ar\/sitio\/wp-json\/wp\/v2\/comments?post=81960"}],"version-history":[{"count":1,"href":"https:\/\/eldiariodesanpedro.com.ar\/sitio\/wp-json\/wp\/v2\/posts\/81960\/revisions"}],"predecessor-version":[{"id":81964,"href":"https:\/\/eldiariodesanpedro.com.ar\/sitio\/wp-json\/wp\/v2\/posts\/81960\/revisions\/81964"}],"wp:featuredmedia":[{"embeddable":true,"href":"https:\/\/eldiariodesanpedro.com.ar\/sitio\/wp-json\/wp\/v2\/media\/81961"}],"wp:attachment":[{"href":"https:\/\/eldiariodesanpedro.com.ar\/sitio\/wp-json\/wp\/v2\/media?parent=81960"}],"wp:term":[{"taxonomy":"category","embeddable":true,"href":"https:\/\/eldiariodesanpedro.com.ar\/sitio\/wp-json\/wp\/v2\/categories?post=81960"},{"taxonomy":"post_tag","embeddable":true,"href":"https:\/\/eldiariodesanpedro.com.ar\/sitio\/wp-json\/wp\/v2\/tags?post=81960"}],"curies":[{"name":"wp","href":"https:\/\/api.w.org\/{rel}","templated":true}]}}