{"id":8196,"date":"2016-09-19T19:00:45","date_gmt":"2016-09-19T22:00:45","guid":{"rendered":"https:\/\/eldiariodesanpedro.com.ar\/sitio\/?p=8196"},"modified":"2016-09-19T19:00:45","modified_gmt":"2016-09-19T22:00:45","slug":"trabajos-del-personal-del-corralon-municipal","status":"publish","type":"post","link":"https:\/\/eldiariodesanpedro.com.ar\/sitio\/trabajos-del-personal-del-corralon-municipal\/","title":{"rendered":"Trabajos del personal del Corral\u00f3n Municipal"},"content":{"rendered":"<p><!-- VideographyWP Plugin Message: Automatic video embedding prevented by plugin options. --><br \/>\nPersonal del corral\u00f3n trabaj\u00f3 sobre calle Noseda entre Independencia y Col\u00f3n, mientras otra cuadrilla hizo lo propio en Urraco, entre R\u00f3mulo Na\u00f3n y Larralde.<br \/>\nEn un cami\u00f3n, un tercer grupo junt\u00f3 ramas en distintos puntos de la ciudad y paralelamente una cuarta cuadrilla cort\u00f3 el pasto en escuelas de Los Aromos y Villa Depietri.<br \/>\nCon un cami\u00f3n y una retroexcavadora, se ubicaron los tubos en la ruta 1001 entre Sarmiento y Chivilcoy.<br \/>\nPor \u00faltimo, trabajadores colocaron RAP en el barrio Los Aromos.<\/p>\n","protected":false},"excerpt":{"rendered":"<p>Personal del corral\u00f3n trabaj\u00f3 sobre calle Noseda entre Independencia y Col\u00f3n, mientras otra cuadrilla hizo lo propio en Urraco, entre R\u00f3mulo Na\u00f3n y Larralde. En un cami\u00f3n, un tercer grupo junt\u00f3 ramas en distintos puntos de la ciudad y paralelamente una cuarta cuadrilla cort\u00f3 el pasto en escuelas de Los Aromos y Villa Depietri. Con [&hellip;]<\/p>\n","protected":false},"author":4,"featured_media":8197,"comment_status":"open","ping_status":"closed","sticky":false,"template":"","format":"standard","meta":{"om_disable_all_campaigns":false,"_jetpack_memberships_contains_paid_content":false,"footnotes":""},"categories":[101,2],"tags":[],"class_list":["post-8196","post","type-post","status-publish","format-standard","has-post-thumbnail","hentry","category-interes-general-locales","category-locales"],"aioseo_notices":[],"gutentor_comment":0,"jetpack_featured_media_url":"https:\/\/eldiariodesanpedro.com.ar\/sitio\/wp-content\/uploads\/2016\/09\/obras-publicas-municipalidad.png","jetpack_shortlink":"https:\/\/wp.me\/p6RhLt-28c","jetpack_sharing_enabled":true,"_links":{"self":[{"href":"https:\/\/eldiariodesanpedro.com.ar\/sitio\/wp-json\/wp\/v2\/posts\/8196","targetHints":{"allow":["GET"]}}],"collection":[{"href":"https:\/\/eldiariodesanpedro.com.ar\/sitio\/wp-json\/wp\/v2\/posts"}],"about":[{"href":"https:\/\/eldiariodesanpedro.com.ar\/sitio\/wp-json\/wp\/v2\/types\/post"}],"author":[{"embeddable":true,"href":"https:\/\/eldiariodesanpedro.com.ar\/sitio\/wp-json\/wp\/v2\/users\/4"}],"replies":[{"embeddable":true,"href":"https:\/\/eldiariodesanpedro.com.ar\/sitio\/wp-json\/wp\/v2\/comments?post=8196"}],"version-history":[{"count":1,"href":"https:\/\/eldiariodesanpedro.com.ar\/sitio\/wp-json\/wp\/v2\/posts\/8196\/revisions"}],"predecessor-version":[{"id":8198,"href":"https:\/\/eldiariodesanpedro.com.ar\/sitio\/wp-json\/wp\/v2\/posts\/8196\/revisions\/8198"}],"wp:featuredmedia":[{"embeddable":true,"href":"https:\/\/eldiariodesanpedro.com.ar\/sitio\/wp-json\/wp\/v2\/media\/8197"}],"wp:attachment":[{"href":"https:\/\/eldiariodesanpedro.com.ar\/sitio\/wp-json\/wp\/v2\/media?parent=8196"}],"wp:term":[{"taxonomy":"category","embeddable":true,"href":"https:\/\/eldiariodesanpedro.com.ar\/sitio\/wp-json\/wp\/v2\/categories?post=8196"},{"taxonomy":"post_tag","embeddable":true,"href":"https:\/\/eldiariodesanpedro.com.ar\/sitio\/wp-json\/wp\/v2\/tags?post=8196"}],"curies":[{"name":"wp","href":"https:\/\/api.w.org\/{rel}","templated":true}]}}