{"id":8193,"date":"2016-09-19T18:56:53","date_gmt":"2016-09-19T21:56:53","guid":{"rendered":"https:\/\/eldiariodesanpedro.com.ar\/sitio\/?p=8193"},"modified":"2016-09-19T18:56:53","modified_gmt":"2016-09-19T21:56:53","slug":"un-hombre-fue-presuntamente-arrojado-al-rio-despues-de-un-robo","status":"publish","type":"post","link":"https:\/\/eldiariodesanpedro.com.ar\/sitio\/un-hombre-fue-presuntamente-arrojado-al-rio-despues-de-un-robo\/","title":{"rendered":"Un hombre fue presuntamente arrojado al r\u00edo despu\u00e9s de un robo"},"content":{"rendered":"<p><!-- VideographyWP Plugin Message: Automatic video embedding prevented by plugin options. --><br \/>\nLa rara situaci\u00f3n se produjo ayer por la noche, y fue caratulada como \u201caveriguaci\u00f3n de il\u00edcito\u201d, puesto que a\u00fan no est\u00e1 del todo claro lo sucedido.<br \/>\nLa polic\u00eda tom\u00f3 intervenci\u00f3n tras un llamado al 101 que advert\u00eda que un hombre estaba siendo golpeado por varias personas y arrojado luego al r\u00edo en la zona de la bajada de Ch\u00e1vez. Al arribo de los efectivos, se comenz\u00f3 a buscar a esta persona, que luego de unos minutos pudo ser divisada en la margen contraria del riacho San Pedro. Un oficial fue a buscar al sujeto en bote y luego fue derivado al Hospital local, ya que presentaba hipotermia, producto de haber estado sumergido en las aguas.<br \/>\nLuego, el damnificado declar\u00f3 que le hab\u00edan querido robar. Sin embargo, la polic\u00eda no constat\u00f3 el faltante de ninguno de los elementos que eran de su propiedad y que estaban en el lugar del hecho. En tanto, otros testimonios, uno brindado por un testigo y otro por el hijo de esta persona, no coinciden con este relato.<\/p>\n","protected":false},"excerpt":{"rendered":"<p>La rara situaci\u00f3n se produjo ayer por la noche, y fue caratulada como \u201caveriguaci\u00f3n de il\u00edcito\u201d, puesto que a\u00fan no est\u00e1 del todo claro lo sucedido. La polic\u00eda tom\u00f3 intervenci\u00f3n tras un llamado al 101 que advert\u00eda que un hombre estaba siendo golpeado por varias personas y arrojado luego al r\u00edo en la zona de [&hellip;]<\/p>\n","protected":false},"author":4,"featured_media":8194,"comment_status":"open","ping_status":"closed","sticky":false,"template":"","format":"standard","meta":{"om_disable_all_campaigns":false,"_jetpack_memberships_contains_paid_content":false,"footnotes":""},"categories":[50,2,103],"tags":[],"class_list":["post-8193","post","type-post","status-publish","format-standard","has-post-thumbnail","hentry","category-destacadas","category-locales","category-policiales-locales"],"aioseo_notices":[],"gutentor_comment":0,"jetpack_featured_media_url":"https:\/\/eldiariodesanpedro.com.ar\/sitio\/wp-content\/uploads\/2016\/09\/San-Pedro-bajada-chavez.jpg","jetpack_shortlink":"https:\/\/wp.me\/p6RhLt-289","jetpack_sharing_enabled":true,"_links":{"self":[{"href":"https:\/\/eldiariodesanpedro.com.ar\/sitio\/wp-json\/wp\/v2\/posts\/8193","targetHints":{"allow":["GET"]}}],"collection":[{"href":"https:\/\/eldiariodesanpedro.com.ar\/sitio\/wp-json\/wp\/v2\/posts"}],"about":[{"href":"https:\/\/eldiariodesanpedro.com.ar\/sitio\/wp-json\/wp\/v2\/types\/post"}],"author":[{"embeddable":true,"href":"https:\/\/eldiariodesanpedro.com.ar\/sitio\/wp-json\/wp\/v2\/users\/4"}],"replies":[{"embeddable":true,"href":"https:\/\/eldiariodesanpedro.com.ar\/sitio\/wp-json\/wp\/v2\/comments?post=8193"}],"version-history":[{"count":1,"href":"https:\/\/eldiariodesanpedro.com.ar\/sitio\/wp-json\/wp\/v2\/posts\/8193\/revisions"}],"predecessor-version":[{"id":8195,"href":"https:\/\/eldiariodesanpedro.com.ar\/sitio\/wp-json\/wp\/v2\/posts\/8193\/revisions\/8195"}],"wp:featuredmedia":[{"embeddable":true,"href":"https:\/\/eldiariodesanpedro.com.ar\/sitio\/wp-json\/wp\/v2\/media\/8194"}],"wp:attachment":[{"href":"https:\/\/eldiariodesanpedro.com.ar\/sitio\/wp-json\/wp\/v2\/media?parent=8193"}],"wp:term":[{"taxonomy":"category","embeddable":true,"href":"https:\/\/eldiariodesanpedro.com.ar\/sitio\/wp-json\/wp\/v2\/categories?post=8193"},{"taxonomy":"post_tag","embeddable":true,"href":"https:\/\/eldiariodesanpedro.com.ar\/sitio\/wp-json\/wp\/v2\/tags?post=8193"}],"curies":[{"name":"wp","href":"https:\/\/api.w.org\/{rel}","templated":true}]}}