{"id":81908,"date":"2020-10-07T19:14:48","date_gmt":"2020-10-07T22:14:48","guid":{"rendered":"https:\/\/eldiariodesanpedro.com.ar\/sitio\/?p=81908"},"modified":"2020-10-07T19:14:53","modified_gmt":"2020-10-07T22:14:53","slug":"san-nicolas-capturaron-a-abusador-sexual-que-estaba-profugo-desde-2015","status":"publish","type":"post","link":"https:\/\/eldiariodesanpedro.com.ar\/sitio\/san-nicolas-capturaron-a-abusador-sexual-que-estaba-profugo-desde-2015\/","title":{"rendered":"SAN NICOL\u00c1S | Capturaron a abusador sexual que estaba pr\u00f3fugo desde 2015"},"content":{"rendered":"<!-- VideographyWP Plugin Message: Automatic video embedding prevented by plugin options. -->\n\n<p>Entre los datos oficiales brindados hoy por la Municipalidad de Arrecifes y por el Ministerio de Salud de la Provincia de Buenos Aires respecto de nuestra ciudad, se pudo establecer que a las 18:00 de este martes Arrecifes cuenta con 771 casos confirmados de coronavirus desde el inicio de la pandemia, continuando la l\u00ednea creciente de contagios.<\/p>\n\n\n\n<p>De ellos, 553 son pacientes recuperados y 211 personas transitan actualmente la enfermedad.<\/p>\n\n\n\n<p>El Municipio reporta seis arrecife\u00f1os fallecidos y el Ministerio de Salud, siete, seg\u00fan los datos cargados por Arrecifes en el Sistema Integrado de Informaci\u00f3n Sanitaria Argentino (SISA).<\/p>\n\n\n\n<p>La ocupaci\u00f3n del Hospital Municipal es la m\u00e1s alta, con 32 pacientes, seis de ellos en Terapia Intensiva.<\/p>\n\n\n\n<p>En tanto, se espera el resultado de nuevos 115 hisopados.<\/p>\n\n\n\n<p><strong>D\u00cdAS CR\u00cdTICOS<\/strong><\/p>\n\n\n\n<p>El secretario de Salud, Dr. Carlos Mondino, pidi\u00f3 a la poblaci\u00f3n \u201cun esfuerzo m\u00e1s\u201d. En RADIO UNO (107.1) explic\u00f3 que \u201cen la situaci\u00f3n en la que estamos, 20 casos m\u00e1s o menos es anecd\u00f3tico. Lo que tenemos que hacer es tratar de salir \u00fanicamente por lo necesario durante estos d\u00edas porque son cr\u00edticos. El virus no anda solo, lo trasladamos las personas y no tenemos que seguir propag\u00e1ndolo. Los cuidados deben ser extremos porque estamos sin lugar en Terapia Intensiva y con una ocupaci\u00f3n importante de camas en el sector Covid. Por favor se los pido: no nos reunamos, en el \u00e1mbito que sea. Estamos poniendo todo, dejando todo, pero no tenemos mucho m\u00e1s\u201d.<\/p>\n\n\n\n<p>Fuente: Canal Nicole\u00f1o<a rel=\"noreferrer noopener\" href=\"https:\/\/www.facebook.com\/dialog\/send?app_id=140586622674265&amp;link=https%3A%2F%2Farrecifesnoticias.com%2Fpoliciales%2Fcapturaron-a-abusador-sexual-que-estaba-profugo%2F&amp;redirect_uri=https%3A%2F%2Farrecifesnoticias.com%2Fpoliciales%2Fcapturaron-a-abusador-sexual-que-estaba-profugo%2F\" target=\"_blank\"><\/a><\/p>\n","protected":false},"excerpt":{"rendered":"<p>Entre los datos oficiales brindados hoy por la Municipalidad de Arrecifes y por el Ministerio de Salud de la Provincia de Buenos Aires respecto de nuestra ciudad, se pudo establecer que a las 18:00 de este martes Arrecifes cuenta con 771 casos confirmados de coronavirus desde el inicio de la pandemia, continuando la l\u00ednea creciente [&hellip;]<\/p>\n","protected":false},"author":4,"featured_media":81909,"comment_status":"open","ping_status":"closed","sticky":false,"template":"","format":"standard","meta":{"om_disable_all_campaigns":false,"_jetpack_memberships_contains_paid_content":false,"footnotes":""},"categories":[621],"tags":[197,681,714],"class_list":["post-81908","post","type-post","status-publish","format-standard","has-post-thumbnail","hentry","category-regionales","tag-buenos-aires","tag-regionales","tag-san-nicolas"],"aioseo_notices":[],"gutentor_comment":0,"jetpack_featured_media_url":"https:\/\/eldiariodesanpedro.com.ar\/sitio\/wp-content\/uploads\/2020\/10\/Detencion-Benvenuto.jpg","jetpack_shortlink":"https:\/\/wp.me\/p6RhLt-lj6","jetpack_sharing_enabled":true,"_links":{"self":[{"href":"https:\/\/eldiariodesanpedro.com.ar\/sitio\/wp-json\/wp\/v2\/posts\/81908","targetHints":{"allow":["GET"]}}],"collection":[{"href":"https:\/\/eldiariodesanpedro.com.ar\/sitio\/wp-json\/wp\/v2\/posts"}],"about":[{"href":"https:\/\/eldiariodesanpedro.com.ar\/sitio\/wp-json\/wp\/v2\/types\/post"}],"author":[{"embeddable":true,"href":"https:\/\/eldiariodesanpedro.com.ar\/sitio\/wp-json\/wp\/v2\/users\/4"}],"replies":[{"embeddable":true,"href":"https:\/\/eldiariodesanpedro.com.ar\/sitio\/wp-json\/wp\/v2\/comments?post=81908"}],"version-history":[{"count":1,"href":"https:\/\/eldiariodesanpedro.com.ar\/sitio\/wp-json\/wp\/v2\/posts\/81908\/revisions"}],"predecessor-version":[{"id":81910,"href":"https:\/\/eldiariodesanpedro.com.ar\/sitio\/wp-json\/wp\/v2\/posts\/81908\/revisions\/81910"}],"wp:featuredmedia":[{"embeddable":true,"href":"https:\/\/eldiariodesanpedro.com.ar\/sitio\/wp-json\/wp\/v2\/media\/81909"}],"wp:attachment":[{"href":"https:\/\/eldiariodesanpedro.com.ar\/sitio\/wp-json\/wp\/v2\/media?parent=81908"}],"wp:term":[{"taxonomy":"category","embeddable":true,"href":"https:\/\/eldiariodesanpedro.com.ar\/sitio\/wp-json\/wp\/v2\/categories?post=81908"},{"taxonomy":"post_tag","embeddable":true,"href":"https:\/\/eldiariodesanpedro.com.ar\/sitio\/wp-json\/wp\/v2\/tags?post=81908"}],"curies":[{"name":"wp","href":"https:\/\/api.w.org\/{rel}","templated":true}]}}