{"id":8189,"date":"2016-09-19T18:54:39","date_gmt":"2016-09-19T21:54:39","guid":{"rendered":"https:\/\/eldiariodesanpedro.com.ar\/sitio\/?p=8189"},"modified":"2016-09-19T18:54:39","modified_gmt":"2016-09-19T21:54:39","slug":"la-delegacion-local-del-sitraic-participo-del-acampe-en-capital-federal","status":"publish","type":"post","link":"https:\/\/eldiariodesanpedro.com.ar\/sitio\/la-delegacion-local-del-sitraic-participo-del-acampe-en-capital-federal\/","title":{"rendered":"La delegaci\u00f3n local del SITRAIC particip\u00f3 del \u00abacampe\u00bb en Capital Federal"},"content":{"rendered":"<p><!-- VideographyWP Plugin Message: Automatic video embedding prevented by plugin options. --><br \/>\nEl SITRAIC a nivel nacional realiz\u00f3 una manifestaci\u00f3n en la C\u00e1mara de la Construcci\u00f3n y luego en el Ministerio de Trabajo de la Naci\u00f3n para solicitar ser reconocidos en la provincia como gremio. En ese sentido Jes\u00fas Gonz\u00e1lez, delegado gremial de nuestra ciudad, dio a conocer que la medida es \u00aben reclamo de trabajo para los compa\u00f1eros desocupados y tambi\u00e9n para que se nos tenga en cuenta para nuevas paritarias. El acampe durar\u00e1 hasta que seamos escuchados. Est\u00e1n presentes distintas delegaciones y tambi\u00e9n San Pedro\u00bb.<br \/>\nA trav\u00e9s de su p\u00e1gina web, el gremio dio a conocer: \u00abEl operativo de militarizaci\u00f3n de la zona con motivo del funcionamiento del Foro de Inversi\u00f3n y Negocios que se desarrollar\u00e1 en el CCK en los pr\u00f3ximos d\u00edas torna imposible el cumplimiento de los objetivos previstos por el SITRAIC, debido al impedimento de transitar las calles de la zona e incluso poder llegar a las puertas del Ministerio de Trabajo como se encontraba previsto\u201d.<br \/>\nY contin\u00faa: \u201cEl gobierno de Macri, que se ha mostrado como un enemigo de los bloqueos de calles y un garante de la libre circulaci\u00f3n, organiza un megapiquete en defensa de los intereses de los grandes empresarios, que concurrir\u00e1n al Foro a discutir las garant\u00edas para defender sus intereses contra las condiciones de vida del pueblo trabajador. Esta circunstancia puede dar lugar a todo tipo de provocaciones por parte del gobierno y sus fuerzas de seguridad, que distorsionen el contenido de nuestro reclamo, en virtud del operativo desplegado\u201d.<br \/>\n\u201cPor estos motivos es que postergamos unos d\u00edas la movilizaci\u00f3n y acampe previstos para el martes 13\/9 para el pr\u00f3ximo lunes 19, manteniendo todos los t\u00e9rminos de la convocatoria\u00bb, aclararon.<br \/>\nEn tanto, tambi\u00e9n comunic\u00f3 los \u00edtems que conforman el reclamo:<br \/>\n*Reapertura de las paritarias. Por un aumento del 40% sobre el b\u00e1sico y una diferencia del 20% entre cada categor\u00eda.<br \/>\n*Por la inmediata reactivaci\u00f3n de la obra p\u00fablica. Ocupaci\u00f3n y expropiaci\u00f3n bajo control obrero de toda empresa que cierre.<br \/>\n*Reconocimiento del Sitraic y su bolsa de trabajo por parte del Gobierno nacional, gobiernos provinciales, municipios y sus dependencias ministeriales. Que el Ministerio de Trabajo de la Naci\u00f3n notifique a todas las delegaciones bajo su dependencia de la existencia y reconocimiento del Sitraic, como sindicato con \u00e1mbito de actuaci\u00f3n nacional.<br \/>\n*Por un seguro econ\u00f3mico para la construcci\u00f3n hasta tanto se obtengan los puestos de trabajo.<\/p>\n<p><a href=\"https:\/\/eldiariodesanpedro.com.ar\/sitio\/wp-content\/uploads\/2016\/09\/PAGINA-4-01-4.jpg\"><img decoding=\"async\" data-attachment-id=\"8191\" data-permalink=\"https:\/\/eldiariodesanpedro.com.ar\/sitio\/la-delegacion-local-del-sitraic-participo-del-acampe-en-capital-federal\/pagina-4-01-23\/\" data-orig-file=\"https:\/\/eldiariodesanpedro.com.ar\/sitio\/wp-content\/uploads\/2016\/09\/PAGINA-4-01-4.jpg\" data-orig-size=\"1032,581\" data-comments-opened=\"1\" data-image-meta=\"{&quot;aperture&quot;:&quot;0&quot;,&quot;credit&quot;:&quot;&quot;,&quot;camera&quot;:&quot;&quot;,&quot;caption&quot;:&quot;&quot;,&quot;created_timestamp&quot;:&quot;0&quot;,&quot;copyright&quot;:&quot;&quot;,&quot;focal_length&quot;:&quot;0&quot;,&quot;iso&quot;:&quot;0&quot;,&quot;shutter_speed&quot;:&quot;0&quot;,&quot;title&quot;:&quot;&quot;,&quot;orientation&quot;:&quot;0&quot;}\" data-image-title=\"pagina-4-01\" data-image-description=\"\" data-image-caption=\"\" data-large-file=\"https:\/\/eldiariodesanpedro.com.ar\/sitio\/wp-content\/uploads\/2016\/09\/PAGINA-4-01-4-1024x576.jpg\" data-src=\"https:\/\/eldiariodesanpedro.com.ar\/sitio\/wp-content\/uploads\/2016\/09\/PAGINA-4-01-4-300x169.jpg\" alt=\"pagina-4-01\" width=\"300\" height=\"169\" class=\"alignnone size-medium wp-image-8191 lazyload\" data-srcset=\"https:\/\/eldiariodesanpedro.com.ar\/sitio\/wp-content\/uploads\/2016\/09\/PAGINA-4-01-4-300x169.jpg 300w, https:\/\/eldiariodesanpedro.com.ar\/sitio\/wp-content\/uploads\/2016\/09\/PAGINA-4-01-4-768x432.jpg 768w, https:\/\/eldiariodesanpedro.com.ar\/sitio\/wp-content\/uploads\/2016\/09\/PAGINA-4-01-4-1024x576.jpg 1024w, https:\/\/eldiariodesanpedro.com.ar\/sitio\/wp-content\/uploads\/2016\/09\/PAGINA-4-01-4.jpg 1032w\" data-sizes=\"(max-width: 300px) 100vw, 300px\" src=\"data:image\/svg+xml;base64,PHN2ZyB3aWR0aD0iMSIgaGVpZ2h0PSIxIiB4bWxucz0iaHR0cDovL3d3dy53My5vcmcvMjAwMC9zdmciPjwvc3ZnPg==\" style=\"--smush-placeholder-width: 300px; --smush-placeholder-aspect-ratio: 300\/169;\" \/><\/a><\/p>\n","protected":false},"excerpt":{"rendered":"<p>El SITRAIC a nivel nacional realiz\u00f3 una manifestaci\u00f3n en la C\u00e1mara de la Construcci\u00f3n y luego en el Ministerio de Trabajo de la Naci\u00f3n para solicitar ser reconocidos en la provincia como gremio. En ese sentido Jes\u00fas Gonz\u00e1lez, delegado gremial de nuestra ciudad, dio a conocer que la medida es \u00aben reclamo de trabajo para [&hellip;]<\/p>\n","protected":false},"author":4,"featured_media":8190,"comment_status":"open","ping_status":"closed","sticky":false,"template":"","format":"standard","meta":{"om_disable_all_campaigns":false,"_jetpack_memberships_contains_paid_content":false,"footnotes":""},"categories":[101,2],"tags":[],"class_list":["post-8189","post","type-post","status-publish","format-standard","has-post-thumbnail","hentry","category-interes-general-locales","category-locales"],"aioseo_notices":[],"gutentor_comment":0,"jetpack_featured_media_url":"https:\/\/eldiariodesanpedro.com.ar\/sitio\/wp-content\/uploads\/2016\/09\/PAGINA-4-02-3.jpg","jetpack_shortlink":"https:\/\/wp.me\/p6RhLt-285","jetpack_sharing_enabled":true,"_links":{"self":[{"href":"https:\/\/eldiariodesanpedro.com.ar\/sitio\/wp-json\/wp\/v2\/posts\/8189","targetHints":{"allow":["GET"]}}],"collection":[{"href":"https:\/\/eldiariodesanpedro.com.ar\/sitio\/wp-json\/wp\/v2\/posts"}],"about":[{"href":"https:\/\/eldiariodesanpedro.com.ar\/sitio\/wp-json\/wp\/v2\/types\/post"}],"author":[{"embeddable":true,"href":"https:\/\/eldiariodesanpedro.com.ar\/sitio\/wp-json\/wp\/v2\/users\/4"}],"replies":[{"embeddable":true,"href":"https:\/\/eldiariodesanpedro.com.ar\/sitio\/wp-json\/wp\/v2\/comments?post=8189"}],"version-history":[{"count":1,"href":"https:\/\/eldiariodesanpedro.com.ar\/sitio\/wp-json\/wp\/v2\/posts\/8189\/revisions"}],"predecessor-version":[{"id":8192,"href":"https:\/\/eldiariodesanpedro.com.ar\/sitio\/wp-json\/wp\/v2\/posts\/8189\/revisions\/8192"}],"wp:featuredmedia":[{"embeddable":true,"href":"https:\/\/eldiariodesanpedro.com.ar\/sitio\/wp-json\/wp\/v2\/media\/8190"}],"wp:attachment":[{"href":"https:\/\/eldiariodesanpedro.com.ar\/sitio\/wp-json\/wp\/v2\/media?parent=8189"}],"wp:term":[{"taxonomy":"category","embeddable":true,"href":"https:\/\/eldiariodesanpedro.com.ar\/sitio\/wp-json\/wp\/v2\/categories?post=8189"},{"taxonomy":"post_tag","embeddable":true,"href":"https:\/\/eldiariodesanpedro.com.ar\/sitio\/wp-json\/wp\/v2\/tags?post=8189"}],"curies":[{"name":"wp","href":"https:\/\/api.w.org\/{rel}","templated":true}]}}