{"id":81874,"date":"2020-10-07T11:45:49","date_gmt":"2020-10-07T14:45:49","guid":{"rendered":"https:\/\/eldiariodesanpedro.com.ar\/sitio\/?p=81874"},"modified":"2020-10-07T11:45:50","modified_gmt":"2020-10-07T14:45:50","slug":"edicto-de-sucesion-de-juan-andres-gazzolo","status":"publish","type":"post","link":"https:\/\/eldiariodesanpedro.com.ar\/sitio\/edicto-de-sucesion-de-juan-andres-gazzolo\/","title":{"rendered":"Edicto de Sucesi\u00f3n de  Juan Andres Gazzolo"},"content":{"rendered":"<!-- VideographyWP Plugin Message: Automatic video embedding prevented by plugin options. -->\n\n<p>El Juzgado de Paz Letrado de San Pedro del Departamento Judicial de San Nicol\u00e1s, a cargo del Dr. Ra\u00fal E. Garc\u00eda Juez de Paz de Ramallo Subrogante, cita y emplaza por 30 (treinta) d\u00edas a herederos y acreedores de Don <strong>Juan Andres Gazzolo<\/strong>.- En la ciudad de San Pedro, a los 05 d\u00edas de Octubre de 2020<\/p>\n\n\n\n<p>FACUNDO VELLONA<br>BOGADO SECRETARIO\u00a0<\/p>\n","protected":false},"excerpt":{"rendered":"<p>El Juzgado de Paz Letrado de San Pedro del Departamento Judicial de San Nicol\u00e1s, a cargo del Dr. Ra\u00fal E. Garc\u00eda Juez de Paz de Ramallo Subrogante, cita y emplaza por 30 (treinta) d\u00edas a herederos y acreedores de Don Juan Andres Gazzolo.- En la ciudad de San Pedro, a los 05 d\u00edas de Octubre [&hellip;]<\/p>\n","protected":false},"author":4,"featured_media":81115,"comment_status":"open","ping_status":"closed","sticky":false,"template":"","format":"standard","meta":{"om_disable_all_campaigns":false,"_jetpack_memberships_contains_paid_content":false,"footnotes":""},"categories":[676,677],"tags":[1121,1821,1355,1122],"class_list":["post-81874","post","type-post","status-publish","format-standard","has-post-thumbnail","hentry","category-edictos","category-edictos-sucesorios","tag-edicto","tag-juan-andres-gazzolo","tag-judiciales","tag-sucesion"],"aioseo_notices":[],"gutentor_comment":0,"jetpack_featured_media_url":"https:\/\/eldiariodesanpedro.com.ar\/sitio\/wp-content\/uploads\/2020\/09\/Poder-Judicial.jpg","jetpack_shortlink":"https:\/\/wp.me\/p6RhLt-liy","jetpack_sharing_enabled":true,"_links":{"self":[{"href":"https:\/\/eldiariodesanpedro.com.ar\/sitio\/wp-json\/wp\/v2\/posts\/81874","targetHints":{"allow":["GET"]}}],"collection":[{"href":"https:\/\/eldiariodesanpedro.com.ar\/sitio\/wp-json\/wp\/v2\/posts"}],"about":[{"href":"https:\/\/eldiariodesanpedro.com.ar\/sitio\/wp-json\/wp\/v2\/types\/post"}],"author":[{"embeddable":true,"href":"https:\/\/eldiariodesanpedro.com.ar\/sitio\/wp-json\/wp\/v2\/users\/4"}],"replies":[{"embeddable":true,"href":"https:\/\/eldiariodesanpedro.com.ar\/sitio\/wp-json\/wp\/v2\/comments?post=81874"}],"version-history":[{"count":1,"href":"https:\/\/eldiariodesanpedro.com.ar\/sitio\/wp-json\/wp\/v2\/posts\/81874\/revisions"}],"predecessor-version":[{"id":81875,"href":"https:\/\/eldiariodesanpedro.com.ar\/sitio\/wp-json\/wp\/v2\/posts\/81874\/revisions\/81875"}],"wp:featuredmedia":[{"embeddable":true,"href":"https:\/\/eldiariodesanpedro.com.ar\/sitio\/wp-json\/wp\/v2\/media\/81115"}],"wp:attachment":[{"href":"https:\/\/eldiariodesanpedro.com.ar\/sitio\/wp-json\/wp\/v2\/media?parent=81874"}],"wp:term":[{"taxonomy":"category","embeddable":true,"href":"https:\/\/eldiariodesanpedro.com.ar\/sitio\/wp-json\/wp\/v2\/categories?post=81874"},{"taxonomy":"post_tag","embeddable":true,"href":"https:\/\/eldiariodesanpedro.com.ar\/sitio\/wp-json\/wp\/v2\/tags?post=81874"}],"curies":[{"name":"wp","href":"https:\/\/api.w.org\/{rel}","templated":true}]}}