{"id":81865,"date":"2020-10-07T11:06:27","date_gmt":"2020-10-07T14:06:27","guid":{"rendered":"https:\/\/eldiariodesanpedro.com.ar\/sitio\/?p=81865"},"modified":"2020-10-07T11:34:41","modified_gmt":"2020-10-07T14:34:41","slug":"ataco-a-su-ex-pareja-con-un-arma-blanca-y-fue-aprehendido","status":"publish","type":"post","link":"https:\/\/eldiariodesanpedro.com.ar\/sitio\/ataco-a-su-ex-pareja-con-un-arma-blanca-y-fue-aprehendido\/","title":{"rendered":"Ataco a su ex pareja con un arma blanca y fue aprehendido"},"content":{"rendered":"<!-- VideographyWP Plugin Message: Automatic video embedding prevented by plugin options. -->\n\n<p>La polic\u00eda de nuestra ciudad alertado a trav\u00e9s de un llamado al 911 en un r\u00e1pido accionar se hace presente en calle Petrona Simonino al 600, donde se logro la aprehensi\u00f3n de un ciudadano de 24 a\u00f1os de edad a quien se le secuestr\u00f3 un arma blanca con la que amenaza&nbsp; su ex pareja mujer de la de 42 a\u00f1os de edad que el agresor.<\/p>\n\n\n\n<p>La v\u00edctima fue trasladada a la comisar\u00eda de la Mujer y la Familia donde realiz\u00f3 la correspondiente denuncia y recibi\u00f3 la atenci\u00f3n psicol\u00f3gica necesaria.<\/p>\n\n\n\n<p>Por su parte el victimario fue alojado en la comisar\u00eda local quedando a disposici\u00f3n de la fiscal\u00eda de turno.<\/p>\n","protected":false},"excerpt":{"rendered":"<p>La polic\u00eda de nuestra ciudad alertado a trav\u00e9s de un llamado al 911 en un r\u00e1pido accionar se hace presente en calle Petrona Simonino al 600, donde se logro la aprehensi\u00f3n de un ciudadano de 24 a\u00f1os de edad a quien se le secuestr\u00f3 un arma blanca con la que amenaza&nbsp; su ex pareja mujer [&hellip;]<\/p>\n","protected":false},"author":4,"featured_media":81870,"comment_status":"open","ping_status":"closed","sticky":false,"template":"","format":"standard","meta":{"om_disable_all_campaigns":false,"_jetpack_memberships_contains_paid_content":false,"footnotes":""},"categories":[2,103],"tags":[197,33,95,19],"class_list":["post-81865","post","type-post","status-publish","format-standard","has-post-thumbnail","hentry","category-locales","category-policiales-locales","tag-buenos-aires","tag-locales","tag-policiales","tag-san-pedro"],"aioseo_notices":[],"gutentor_comment":0,"jetpack_featured_media_url":"https:\/\/eldiariodesanpedro.com.ar\/sitio\/wp-content\/uploads\/2020\/10\/Cuchillos-amenazas-mujer-1.png","jetpack_shortlink":"https:\/\/wp.me\/p6RhLt-lip","jetpack_sharing_enabled":true,"_links":{"self":[{"href":"https:\/\/eldiariodesanpedro.com.ar\/sitio\/wp-json\/wp\/v2\/posts\/81865","targetHints":{"allow":["GET"]}}],"collection":[{"href":"https:\/\/eldiariodesanpedro.com.ar\/sitio\/wp-json\/wp\/v2\/posts"}],"about":[{"href":"https:\/\/eldiariodesanpedro.com.ar\/sitio\/wp-json\/wp\/v2\/types\/post"}],"author":[{"embeddable":true,"href":"https:\/\/eldiariodesanpedro.com.ar\/sitio\/wp-json\/wp\/v2\/users\/4"}],"replies":[{"embeddable":true,"href":"https:\/\/eldiariodesanpedro.com.ar\/sitio\/wp-json\/wp\/v2\/comments?post=81865"}],"version-history":[{"count":3,"href":"https:\/\/eldiariodesanpedro.com.ar\/sitio\/wp-json\/wp\/v2\/posts\/81865\/revisions"}],"predecessor-version":[{"id":81871,"href":"https:\/\/eldiariodesanpedro.com.ar\/sitio\/wp-json\/wp\/v2\/posts\/81865\/revisions\/81871"}],"wp:featuredmedia":[{"embeddable":true,"href":"https:\/\/eldiariodesanpedro.com.ar\/sitio\/wp-json\/wp\/v2\/media\/81870"}],"wp:attachment":[{"href":"https:\/\/eldiariodesanpedro.com.ar\/sitio\/wp-json\/wp\/v2\/media?parent=81865"}],"wp:term":[{"taxonomy":"category","embeddable":true,"href":"https:\/\/eldiariodesanpedro.com.ar\/sitio\/wp-json\/wp\/v2\/categories?post=81865"},{"taxonomy":"post_tag","embeddable":true,"href":"https:\/\/eldiariodesanpedro.com.ar\/sitio\/wp-json\/wp\/v2\/tags?post=81865"}],"curies":[{"name":"wp","href":"https:\/\/api.w.org\/{rel}","templated":true}]}}