{"id":81862,"date":"2020-10-07T10:59:46","date_gmt":"2020-10-07T13:59:46","guid":{"rendered":"https:\/\/eldiariodesanpedro.com.ar\/sitio\/?p=81862"},"modified":"2020-10-07T10:59:49","modified_gmt":"2020-10-07T13:59:49","slug":"dos-imputados-por-tenencia-ilegal-de-estupefacientes-en-via-publica","status":"publish","type":"post","link":"https:\/\/eldiariodesanpedro.com.ar\/sitio\/dos-imputados-por-tenencia-ilegal-de-estupefacientes-en-via-publica\/","title":{"rendered":"Dos imputados por tenencia ilegal de estupefacientes en v\u00eda publica"},"content":{"rendered":"<!-- VideographyWP Plugin Message: Automatic video embedding prevented by plugin options. -->\n\n<p>La polic\u00eda de nuestra ciudad realiz\u00f3 dos aprehensiones de personas que se encontraban circulando en la v\u00eda p\u00fablica llevando consigo ilegalmente \u00ednfimas cantidades de estupefacientes.<\/p>\n\n\n\n<p>En la tarde de este martes en calle Combate de Obligado y Martin Fierro se registr\u00f3 la aprehensi\u00f3n de un ciudadano de 27 a\u00f1os de edad quien quedara imputado ante la UFi N\u00ba 11 por tenencia ilegala de un Bagullo de marihuana con un peso \u00ednfimo, por lo que fue trasladado a la comisar\u00eda local donde se le inform\u00f3 sobre la causa y su posterior libertad.<\/p>\n\n\n\n<p>Tambi\u00e9n en la tarde del mismo dia la policia aprehende a un joven de 22 a\u00f1os de edad en calle Nieto de Torres y Cruz Roja quien llevaba consigo un bagullo de marihuana con un peso total de 7.1 gramos, siendo trasladado a la comisar\u00eda local donde fue informado de la imputaci\u00f3n por la UFI N\u00ba 11 y puesto en libertad posteriormente.<\/p>\n","protected":false},"excerpt":{"rendered":"<p>La polic\u00eda de nuestra ciudad realiz\u00f3 dos aprehensiones de personas que se encontraban circulando en la v\u00eda p\u00fablica llevando consigo ilegalmente \u00ednfimas cantidades de estupefacientes. En la tarde de este martes en calle Combate de Obligado y Martin Fierro se registr\u00f3 la aprehensi\u00f3n de un ciudadano de 27 a\u00f1os de edad quien quedara imputado ante [&hellip;]<\/p>\n","protected":false},"author":4,"featured_media":81863,"comment_status":"open","ping_status":"closed","sticky":false,"template":"","format":"standard","meta":{"om_disable_all_campaigns":false,"_jetpack_memberships_contains_paid_content":false,"footnotes":""},"categories":[2,103],"tags":[197,33,95],"class_list":["post-81862","post","type-post","status-publish","format-standard","has-post-thumbnail","hentry","category-locales","category-policiales-locales","tag-buenos-aires","tag-locales","tag-policiales"],"aioseo_notices":[],"gutentor_comment":0,"jetpack_featured_media_url":"https:\/\/eldiariodesanpedro.com.ar\/sitio\/wp-content\/uploads\/2020\/10\/Sin-titulo-1-1.jpg","jetpack_shortlink":"https:\/\/wp.me\/p6RhLt-lim","jetpack_sharing_enabled":true,"_links":{"self":[{"href":"https:\/\/eldiariodesanpedro.com.ar\/sitio\/wp-json\/wp\/v2\/posts\/81862","targetHints":{"allow":["GET"]}}],"collection":[{"href":"https:\/\/eldiariodesanpedro.com.ar\/sitio\/wp-json\/wp\/v2\/posts"}],"about":[{"href":"https:\/\/eldiariodesanpedro.com.ar\/sitio\/wp-json\/wp\/v2\/types\/post"}],"author":[{"embeddable":true,"href":"https:\/\/eldiariodesanpedro.com.ar\/sitio\/wp-json\/wp\/v2\/users\/4"}],"replies":[{"embeddable":true,"href":"https:\/\/eldiariodesanpedro.com.ar\/sitio\/wp-json\/wp\/v2\/comments?post=81862"}],"version-history":[{"count":1,"href":"https:\/\/eldiariodesanpedro.com.ar\/sitio\/wp-json\/wp\/v2\/posts\/81862\/revisions"}],"predecessor-version":[{"id":81864,"href":"https:\/\/eldiariodesanpedro.com.ar\/sitio\/wp-json\/wp\/v2\/posts\/81862\/revisions\/81864"}],"wp:featuredmedia":[{"embeddable":true,"href":"https:\/\/eldiariodesanpedro.com.ar\/sitio\/wp-json\/wp\/v2\/media\/81863"}],"wp:attachment":[{"href":"https:\/\/eldiariodesanpedro.com.ar\/sitio\/wp-json\/wp\/v2\/media?parent=81862"}],"wp:term":[{"taxonomy":"category","embeddable":true,"href":"https:\/\/eldiariodesanpedro.com.ar\/sitio\/wp-json\/wp\/v2\/categories?post=81862"},{"taxonomy":"post_tag","embeddable":true,"href":"https:\/\/eldiariodesanpedro.com.ar\/sitio\/wp-json\/wp\/v2\/tags?post=81862"}],"curies":[{"name":"wp","href":"https:\/\/api.w.org\/{rel}","templated":true}]}}