{"id":8186,"date":"2016-09-19T18:50:47","date_gmt":"2016-09-19T21:50:47","guid":{"rendered":"https:\/\/eldiariodesanpedro.com.ar\/sitio\/?p=8186"},"modified":"2016-09-19T18:50:47","modified_gmt":"2016-09-19T21:50:47","slug":"encuentran-camion-robado-por-piratas-del-asfalto-en-baradero","status":"publish","type":"post","link":"https:\/\/eldiariodesanpedro.com.ar\/sitio\/encuentran-camion-robado-por-piratas-del-asfalto-en-baradero\/","title":{"rendered":"Encuentran cami\u00f3n robado por piratas del asfalto en Baradero"},"content":{"rendered":"<p><!-- VideographyWP Plugin Message: Automatic video embedding prevented by plugin options. --><br \/>\nEl domingo en horas de la tarde, personal de Vial Alsina, en forma conjunta con polic\u00eda de la Estaci\u00f3n Comunal Baradero, procedi\u00f3 en la Ruta Nacional N\u00ba 9, Km. 142, al hallazgo y posterior secuestro de cami\u00f3n marca Scania modelo 360 color blanco, chapa patente brasilera con semirremolque color blanco vac\u00edo.<br \/>\nEl mismo tenia pedido de secuestro activo de fecha actual por un Hecho de Robo Agravado y Privaci\u00f3n Ilegal de la Libertad, ocurrido en la playa de estacionamientos de la f\u00e1brica automotriz Peugeot, ubicada en Balb\u00edn y Per\u00f3n, de Jard\u00edn Lomas del Palomar, partido de Tres de Febrero, lugar donde fue sustra\u00eddo cargado de cubiertas.- Consecuentemente se labraron actuaciones bajo directivas de la UFI N\u00ba 10, de San Mart\u00edn.-<\/p>\n","protected":false},"excerpt":{"rendered":"<p>El domingo en horas de la tarde, personal de Vial Alsina, en forma conjunta con polic\u00eda de la Estaci\u00f3n Comunal Baradero, procedi\u00f3 en la Ruta Nacional N\u00ba 9, Km. 142, al hallazgo y posterior secuestro de cami\u00f3n marca Scania modelo 360 color blanco, chapa patente brasilera con semirremolque color blanco vac\u00edo. El mismo tenia pedido [&hellip;]<\/p>\n","protected":false},"author":4,"featured_media":8187,"comment_status":"open","ping_status":"closed","sticky":false,"template":"","format":"standard","meta":{"om_disable_all_campaigns":false,"_jetpack_memberships_contains_paid_content":false,"footnotes":""},"categories":[101,2],"tags":[],"class_list":["post-8186","post","type-post","status-publish","format-standard","has-post-thumbnail","hentry","category-interes-general-locales","category-locales"],"aioseo_notices":[],"gutentor_comment":0,"jetpack_featured_media_url":"https:\/\/eldiariodesanpedro.com.ar\/sitio\/wp-content\/uploads\/2016\/09\/unnamed-14-2-1.jpg","jetpack_shortlink":"https:\/\/wp.me\/p6RhLt-282","jetpack_sharing_enabled":true,"_links":{"self":[{"href":"https:\/\/eldiariodesanpedro.com.ar\/sitio\/wp-json\/wp\/v2\/posts\/8186","targetHints":{"allow":["GET"]}}],"collection":[{"href":"https:\/\/eldiariodesanpedro.com.ar\/sitio\/wp-json\/wp\/v2\/posts"}],"about":[{"href":"https:\/\/eldiariodesanpedro.com.ar\/sitio\/wp-json\/wp\/v2\/types\/post"}],"author":[{"embeddable":true,"href":"https:\/\/eldiariodesanpedro.com.ar\/sitio\/wp-json\/wp\/v2\/users\/4"}],"replies":[{"embeddable":true,"href":"https:\/\/eldiariodesanpedro.com.ar\/sitio\/wp-json\/wp\/v2\/comments?post=8186"}],"version-history":[{"count":1,"href":"https:\/\/eldiariodesanpedro.com.ar\/sitio\/wp-json\/wp\/v2\/posts\/8186\/revisions"}],"predecessor-version":[{"id":8188,"href":"https:\/\/eldiariodesanpedro.com.ar\/sitio\/wp-json\/wp\/v2\/posts\/8186\/revisions\/8188"}],"wp:featuredmedia":[{"embeddable":true,"href":"https:\/\/eldiariodesanpedro.com.ar\/sitio\/wp-json\/wp\/v2\/media\/8187"}],"wp:attachment":[{"href":"https:\/\/eldiariodesanpedro.com.ar\/sitio\/wp-json\/wp\/v2\/media?parent=8186"}],"wp:term":[{"taxonomy":"category","embeddable":true,"href":"https:\/\/eldiariodesanpedro.com.ar\/sitio\/wp-json\/wp\/v2\/categories?post=8186"},{"taxonomy":"post_tag","embeddable":true,"href":"https:\/\/eldiariodesanpedro.com.ar\/sitio\/wp-json\/wp\/v2\/tags?post=8186"}],"curies":[{"name":"wp","href":"https:\/\/api.w.org\/{rel}","templated":true}]}}