{"id":81858,"date":"2020-10-07T10:46:16","date_gmt":"2020-10-07T13:46:16","guid":{"rendered":"https:\/\/eldiariodesanpedro.com.ar\/sitio\/?p=81858"},"modified":"2020-10-07T10:46:17","modified_gmt":"2020-10-07T13:46:17","slug":"grupo-de-proteccionistas-independientes-reclaman-la-falta-de-castraciones-y-de-vacunacion-antirrabica","status":"publish","type":"post","link":"https:\/\/eldiariodesanpedro.com.ar\/sitio\/grupo-de-proteccionistas-independientes-reclaman-la-falta-de-castraciones-y-de-vacunacion-antirrabica\/","title":{"rendered":"Grupo de proteccionistas independientes reclaman la falta de castraciones y de vacunaci\u00f3n antirr\u00e1bica"},"content":{"rendered":"<!-- VideographyWP Plugin Message: Automatic video embedding prevented by plugin options. -->\n\n<p>Un grupo de proteccionistas de nuestra ciudad envi\u00f3 al Gobernador Axel Kiciloft una carta en manera de reclamo por la falta castraciones suficientes y de vacunaciones antirr\u00e1bicas, con el peligro que sucediera un brote importante en toda la provincia de Buenos Aires <\/p>\n\n\n\n<p>La Ley 13879\/08 vino a terminar con las matanzas de perros y gatos en la provincia. El Gobierno provincial se dio cuenta de que era lo peor que se pod\u00eda hacer, no s\u00f3lo por lo repudiable, sino porque la reproducci\u00f3n geom\u00e9trica de estos animales hac\u00eda que cada vez hubiera m\u00e1s.<\/p>\n\n\n\n<p><em>\u201cEn San Pedro, se retom\u00f3 el servicio de castraciones, pero no es suficiente, ya que dicha ecuaci\u00f3n implica castrar por d\u00eda<strong>, solo en San Pedro, sin considerar las localidades<\/strong>, 27 animales (considerando 20 d\u00edas h\u00e1biles y que se castre todos los d\u00edas). El c\u00e1lculo estudiado y experimentado exitosamente en diversos puntos del pa\u00eds indica, en nuestro caso, considerando 65.000 habitantes estimativos, de los que se debe castrar \u00a0un animal (perro o gato) cada 2 habitantes, se deber\u00eda \u00a0castrar el equivalente al 10 % de la poblaci\u00f3n, lo que termina siendo 6500 el n\u00famero de castraciones anuales necesarias para establecer ese equilibrio que demanda la ley\u201d.\u00a0<\/em><\/p>\n\n\n\n<p><em>\u00a0Esta ley exige castraciones masivas y gratuitas en todos los Municipios, \u00fanica manera de equilibrar la cantidad de animales con los hogares disponibles, actuando sobre el origen del problema que son los nacimientos.<\/em><\/p>\n\n\n\n<p><em>La Ley no se cumple. El Ministerio de Salud tiene la obligaci\u00f3n de hacer que los Municipios castren masivamente cuidando la salud de la poblaci\u00f3n. Menos animales, desparasitados\u00a0 y vacunados.<\/em><\/p>\n\n\n\n<p><em>El Ministerio no s\u00f3lo incumple la Ley, sino que suspendi\u00f3 el servicio de castraciones en todos los Municipios, con lo que logr\u00f3 que la sobrepoblaci\u00f3n aumentara, junto con el riesgo de epidemias zoon\u00f3ticas como la rabia, entre varias otras.<\/em><\/p>\n\n\n\n<p><em>Los vecinos, superados por la situaci\u00f3n que viven a diario en sus hogares y en las calles, solicitan al Gobernador que cumpla la ley y se hagan castraciones masivas, gratuitas y sistem\u00e1ticas en todos los Municipios para controlar la sobrepoblaci\u00f3n y tambi\u00e9n campa\u00f1as masivas de vacunaci\u00f3n antirr\u00e1bica.<\/em><\/p>\n\n\n<a href=\"https:\/\/eldiariodesanpedro.com.ar\/sitio\/wp-content\/uploads\/2020\/10\/SE-SOLICITA-DAR-CUMPLIMIENTO-A-LA-LEY-13879-1.pdf\" class=\"pdfemb-viewer\" style=\"\" data-width=\"max\" data-height=\"max\" data-toolbar=\"bottom\" data-toolbar-fixed=\"off\">SE-SOLICITA-DAR-CUMPLIMIENTO-A-LA-LEY-13879-1<\/a>\n<p class=\"wp-block-pdfemb-pdf-embedder-viewer\"><\/p>\n\n\n\n<p><\/p>\n","protected":false},"excerpt":{"rendered":"<p>Un grupo de proteccionistas de nuestra ciudad envi\u00f3 al Gobernador Axel Kiciloft una carta en manera de reclamo por la falta castraciones suficientes y de vacunaciones antirr\u00e1bicas, con el peligro que sucediera un brote importante en toda la provincia de Buenos Aires La Ley 13879\/08 vino a terminar con las matanzas de perros y gatos [&hellip;]<\/p>\n","protected":false},"author":4,"featured_media":81859,"comment_status":"open","ping_status":"closed","sticky":false,"template":"","format":"standard","meta":{"om_disable_all_campaigns":false,"_jetpack_memberships_contains_paid_content":false,"footnotes":""},"categories":[50,101,2],"tags":[],"class_list":["post-81858","post","type-post","status-publish","format-standard","has-post-thumbnail","hentry","category-destacadas","category-interes-general-locales","category-locales"],"aioseo_notices":[],"gutentor_comment":0,"jetpack_featured_media_url":"https:\/\/eldiariodesanpedro.com.ar\/sitio\/wp-content\/uploads\/2020\/10\/unnamed.jpg","jetpack_shortlink":"https:\/\/wp.me\/p6RhLt-lii","jetpack_sharing_enabled":true,"_links":{"self":[{"href":"https:\/\/eldiariodesanpedro.com.ar\/sitio\/wp-json\/wp\/v2\/posts\/81858","targetHints":{"allow":["GET"]}}],"collection":[{"href":"https:\/\/eldiariodesanpedro.com.ar\/sitio\/wp-json\/wp\/v2\/posts"}],"about":[{"href":"https:\/\/eldiariodesanpedro.com.ar\/sitio\/wp-json\/wp\/v2\/types\/post"}],"author":[{"embeddable":true,"href":"https:\/\/eldiariodesanpedro.com.ar\/sitio\/wp-json\/wp\/v2\/users\/4"}],"replies":[{"embeddable":true,"href":"https:\/\/eldiariodesanpedro.com.ar\/sitio\/wp-json\/wp\/v2\/comments?post=81858"}],"version-history":[{"count":1,"href":"https:\/\/eldiariodesanpedro.com.ar\/sitio\/wp-json\/wp\/v2\/posts\/81858\/revisions"}],"predecessor-version":[{"id":81861,"href":"https:\/\/eldiariodesanpedro.com.ar\/sitio\/wp-json\/wp\/v2\/posts\/81858\/revisions\/81861"}],"wp:featuredmedia":[{"embeddable":true,"href":"https:\/\/eldiariodesanpedro.com.ar\/sitio\/wp-json\/wp\/v2\/media\/81859"}],"wp:attachment":[{"href":"https:\/\/eldiariodesanpedro.com.ar\/sitio\/wp-json\/wp\/v2\/media?parent=81858"}],"wp:term":[{"taxonomy":"category","embeddable":true,"href":"https:\/\/eldiariodesanpedro.com.ar\/sitio\/wp-json\/wp\/v2\/categories?post=81858"},{"taxonomy":"post_tag","embeddable":true,"href":"https:\/\/eldiariodesanpedro.com.ar\/sitio\/wp-json\/wp\/v2\/tags?post=81858"}],"curies":[{"name":"wp","href":"https:\/\/api.w.org\/{rel}","templated":true}]}}