{"id":81855,"date":"2020-10-07T10:31:03","date_gmt":"2020-10-07T13:31:03","guid":{"rendered":"https:\/\/eldiariodesanpedro.com.ar\/sitio\/?p=81855"},"modified":"2020-10-07T10:31:07","modified_gmt":"2020-10-07T13:31:07","slug":"asociacion-de-anestesiologos-pidio-un-convenio-directo-con-ioma","status":"publish","type":"post","link":"https:\/\/eldiariodesanpedro.com.ar\/sitio\/asociacion-de-anestesiologos-pidio-un-convenio-directo-con-ioma\/","title":{"rendered":"Asociaci\u00f3n de anestesi\u00f3logos pidi\u00f3 un convenio directo con IOMA"},"content":{"rendered":"<!-- VideographyWP Plugin Message: Automatic video embedding prevented by plugin options. -->\n\n<p>El presidente de IOMA, Homero Giles, mantuvo un encuentro con autoridades de la Asociaci\u00f3n de Anestesiolog\u00eda y Dolor del Oeste Bonaerense (AADOB).<\/p>\n\n\n\n<p>En el marco de las reuniones que se vienen realizando desde hace unas semanas con la Asociaci\u00f3n de Anestesia, Analgesia y Reanimaci\u00f3n de Buenos Aires (AAARBA) y en continuidad con las distintas asociaciones de anestesiolog\u00eda, el presidente de IOMA, Homero Giles, mantuvo ayer un encuentro con autoridades de la Asociaci\u00f3n de Anestesiolog\u00eda y Dolor del Oeste Bonaerense (AADOB).\u00a0<\/p>\n\n\n\n<p>El motivo de esta reuni\u00f3n fue un pedido de la AADOB de hacer un convenio directo con IOMA. Adem\u00e1s del presidente del Instituto, estuvo presente en el encuentro el Director General de Prestaciones, Nils Picca; y por la AADOB asistieron Claudio Tartaglia e Ignacio Sagasti.<\/p>\n\n\n\n<p>Entre los puntos sobresalientes del encuentro, se convers\u00f3 sobre la posibilidad de incorporar indicadores sanitarios que mejoren la evoluci\u00f3n de las y los pacientes en virtud de tratamientos que ataquen el dolor y las particularidades de cada enfermedad, para garantizar externaciones y altas tempranas. <\/p>\n\n\n\n<p>En la reuni\u00f3n que se concret\u00f3 el lunes en la sede central de IOMA, en La Plata, las autoridades de IOMA y de AADOB conversaron sobre la posibilidad de incrementar los valores por honorarios para este sector en una segunda oportunidad.<\/p>\n\n\n\n<p>Una de las cuestiones planteadas por los representantes de la Asociaci\u00f3n, es la necesidad de deconstruir la idea y el discurso que se instal\u00f3 desde hace a\u00f1os con la falsa informaci\u00f3n de que los anestesi\u00f3logos cobran copagos indebidos para sus pr\u00e1cticas en cirug\u00eda.<\/p>\n\n\n\n<p>Es por esto que insistieron en recomendar que las personas afiliadas denuncien de inmediato cualquier intento de cobro indebido de parte de los profesionales m\u00e9dicos.<\/p>\n","protected":false},"excerpt":{"rendered":"<p>El presidente de IOMA, Homero Giles, mantuvo un encuentro con autoridades de la Asociaci\u00f3n de Anestesiolog\u00eda y Dolor del Oeste Bonaerense (AADOB). En el marco de las reuniones que se vienen realizando desde hace unas semanas con la Asociaci\u00f3n de Anestesia, Analgesia y Reanimaci\u00f3n de Buenos Aires (AAARBA) y en continuidad con las distintas asociaciones [&hellip;]<\/p>\n","protected":false},"author":4,"featured_media":81856,"comment_status":"open","ping_status":"closed","sticky":false,"template":"","format":"standard","meta":{"om_disable_all_campaigns":false,"_jetpack_memberships_contains_paid_content":false,"footnotes":""},"categories":[101,2],"tags":[197,696,33],"class_list":["post-81855","post","type-post","status-publish","format-standard","has-post-thumbnail","hentry","category-interes-general-locales","category-locales","tag-buenos-aires","tag-interes-general","tag-locales"],"aioseo_notices":[],"gutentor_comment":0,"jetpack_featured_media_url":"https:\/\/eldiariodesanpedro.com.ar\/sitio\/wp-content\/uploads\/2020\/10\/WhatsApp-Image-2020-10-06-at-3.32.57-PM.jpeg","jetpack_shortlink":"https:\/\/wp.me\/p6RhLt-lif","jetpack_sharing_enabled":true,"_links":{"self":[{"href":"https:\/\/eldiariodesanpedro.com.ar\/sitio\/wp-json\/wp\/v2\/posts\/81855","targetHints":{"allow":["GET"]}}],"collection":[{"href":"https:\/\/eldiariodesanpedro.com.ar\/sitio\/wp-json\/wp\/v2\/posts"}],"about":[{"href":"https:\/\/eldiariodesanpedro.com.ar\/sitio\/wp-json\/wp\/v2\/types\/post"}],"author":[{"embeddable":true,"href":"https:\/\/eldiariodesanpedro.com.ar\/sitio\/wp-json\/wp\/v2\/users\/4"}],"replies":[{"embeddable":true,"href":"https:\/\/eldiariodesanpedro.com.ar\/sitio\/wp-json\/wp\/v2\/comments?post=81855"}],"version-history":[{"count":1,"href":"https:\/\/eldiariodesanpedro.com.ar\/sitio\/wp-json\/wp\/v2\/posts\/81855\/revisions"}],"predecessor-version":[{"id":81857,"href":"https:\/\/eldiariodesanpedro.com.ar\/sitio\/wp-json\/wp\/v2\/posts\/81855\/revisions\/81857"}],"wp:featuredmedia":[{"embeddable":true,"href":"https:\/\/eldiariodesanpedro.com.ar\/sitio\/wp-json\/wp\/v2\/media\/81856"}],"wp:attachment":[{"href":"https:\/\/eldiariodesanpedro.com.ar\/sitio\/wp-json\/wp\/v2\/media?parent=81855"}],"wp:term":[{"taxonomy":"category","embeddable":true,"href":"https:\/\/eldiariodesanpedro.com.ar\/sitio\/wp-json\/wp\/v2\/categories?post=81855"},{"taxonomy":"post_tag","embeddable":true,"href":"https:\/\/eldiariodesanpedro.com.ar\/sitio\/wp-json\/wp\/v2\/tags?post=81855"}],"curies":[{"name":"wp","href":"https:\/\/api.w.org\/{rel}","templated":true}]}}