{"id":81842,"date":"2020-10-07T10:19:47","date_gmt":"2020-10-07T13:19:47","guid":{"rendered":"https:\/\/eldiariodesanpedro.com.ar\/sitio\/?p=81842"},"modified":"2020-10-07T10:19:51","modified_gmt":"2020-10-07T13:19:51","slug":"la-tosquera-allanamientos-por-parte-de-la-patrulla-rural-con-resultados-positivos","status":"publish","type":"post","link":"https:\/\/eldiariodesanpedro.com.ar\/sitio\/la-tosquera-allanamientos-por-parte-de-la-patrulla-rural-con-resultados-positivos\/","title":{"rendered":"La Tosquera: Allanamientos por parte de la Patrulla Rural con resultados positivos"},"content":{"rendered":"<!-- VideographyWP Plugin Message: Automatic video embedding prevented by plugin options. -->\n\n<p>Fue durante un allanamiento relacionado con un hecho acontecido d\u00edas atr\u00e1s en la zona rural. Se secuestraron elementos que podr\u00edan estar relacionados con el il\u00edcito en cuesti\u00f3n.<\/p>\n\n\n\n<p>Personal del CPR San Pedro, a cargo del Comisario Gast\u00f3n Cabrera, m\u00e1s la colaboraci\u00f3n de distintas dependencias de Ramallo, Baradero, San Nicol\u00e1s, Polic\u00eda Comunal San Pedro y Grupo GAD, por orden de la fiscal Mar\u00eda del Valle Viviani y habilitado por el Juzgado de Garant\u00edas N\u00b0 2, se llev\u00f3 a cabo un amplio operativo en el barrio La Tosquera.<\/p>\n\n\n\n<p>Las tareas estuvieron relacionadas con la sustracci\u00f3n de cinco terneros el fin de semana \u00faltimo en la zona rural. Si bien los animales no fueron encontrados en el domicilio allanado s\u00ed se pudieron secuestrar diversos elementos que podr\u00edan estar relacionados con ese y otros hechos.<\/p>\n\n\n\n<p>Se incautaron diversos elementos como sogas, varios cuchillos, bolsas de arpillera y ganchos. Adem\u00e1s se hall\u00f3 un arma de fuego com\u00fanmente llamada tumbera, la que habitualmente se utiliza con fines delictivos.<\/p>\n\n\n\n<p>Por este \u00faltimo caso se decidi\u00f3 iniciar una causa por tenencia ilegal de arma de fuego (Art 60 del CCP) y se lo notific\u00f3 del inicio de la causa al morador de la vivienda.<\/p>\n\n\n\n<figure class=\"wp-block-image size-large\"><img decoding=\"async\" width=\"1024\" height=\"768\" data-attachment-id=\"81845\" data-permalink=\"https:\/\/eldiariodesanpedro.com.ar\/sitio\/la-tosquera-allanamientos-por-parte-de-la-patrulla-rural-con-resultados-positivos\/000087436-1\/\" data-orig-file=\"https:\/\/eldiariodesanpedro.com.ar\/sitio\/wp-content\/uploads\/2020\/10\/000087436-1.jpg\" data-orig-size=\"1024,768\" data-comments-opened=\"1\" data-image-meta=\"{&quot;aperture&quot;:&quot;0&quot;,&quot;credit&quot;:&quot;&quot;,&quot;camera&quot;:&quot;&quot;,&quot;caption&quot;:&quot;&quot;,&quot;created_timestamp&quot;:&quot;0&quot;,&quot;copyright&quot;:&quot;&quot;,&quot;focal_length&quot;:&quot;0&quot;,&quot;iso&quot;:&quot;0&quot;,&quot;shutter_speed&quot;:&quot;0&quot;,&quot;title&quot;:&quot;&quot;,&quot;orientation&quot;:&quot;0&quot;}\" data-image-title=\"000087436-1\" data-image-description=\"\" data-image-caption=\"\" data-large-file=\"https:\/\/eldiariodesanpedro.com.ar\/sitio\/wp-content\/uploads\/2020\/10\/000087436-1.jpg\" data-src=\"https:\/\/eldiariodesanpedro.com.ar\/sitio\/wp-content\/uploads\/2020\/10\/000087436-1.jpg\" alt=\"\" class=\"wp-image-81845 lazyload\" data-srcset=\"https:\/\/eldiariodesanpedro.com.ar\/sitio\/wp-content\/uploads\/2020\/10\/000087436-1.jpg 1024w, https:\/\/eldiariodesanpedro.com.ar\/sitio\/wp-content\/uploads\/2020\/10\/000087436-1-300x225.jpg 300w, https:\/\/eldiariodesanpedro.com.ar\/sitio\/wp-content\/uploads\/2020\/10\/000087436-1-768x576.jpg 768w, https:\/\/eldiariodesanpedro.com.ar\/sitio\/wp-content\/uploads\/2020\/10\/000087436-1-500x375.jpg 500w\" data-sizes=\"(max-width: 1024px) 100vw, 1024px\" src=\"data:image\/svg+xml;base64,PHN2ZyB3aWR0aD0iMSIgaGVpZ2h0PSIxIiB4bWxucz0iaHR0cDovL3d3dy53My5vcmcvMjAwMC9zdmciPjwvc3ZnPg==\" style=\"--smush-placeholder-width: 1024px; --smush-placeholder-aspect-ratio: 1024\/768;\" \/><\/figure>\n","protected":false},"excerpt":{"rendered":"<p>Fue durante un allanamiento relacionado con un hecho acontecido d\u00edas atr\u00e1s en la zona rural. Se secuestraron elementos que podr\u00edan estar relacionados con el il\u00edcito en cuesti\u00f3n. Personal del CPR San Pedro, a cargo del Comisario Gast\u00f3n Cabrera, m\u00e1s la colaboraci\u00f3n de distintas dependencias de Ramallo, Baradero, San Nicol\u00e1s, Polic\u00eda Comunal San Pedro y Grupo [&hellip;]<\/p>\n","protected":false},"author":4,"featured_media":81844,"comment_status":"open","ping_status":"closed","sticky":false,"template":"","format":"standard","meta":{"om_disable_all_campaigns":false,"_jetpack_memberships_contains_paid_content":false,"footnotes":""},"categories":[50,2,103],"tags":[197,696,33],"class_list":["post-81842","post","type-post","status-publish","format-standard","has-post-thumbnail","hentry","category-destacadas","category-locales","category-policiales-locales","tag-buenos-aires","tag-interes-general","tag-locales"],"aioseo_notices":[],"gutentor_comment":0,"jetpack_featured_media_url":"https:\/\/eldiariodesanpedro.com.ar\/sitio\/wp-content\/uploads\/2020\/10\/Sin-titulo-1.jpg","jetpack_shortlink":"https:\/\/wp.me\/p6RhLt-li2","jetpack_sharing_enabled":true,"_links":{"self":[{"href":"https:\/\/eldiariodesanpedro.com.ar\/sitio\/wp-json\/wp\/v2\/posts\/81842","targetHints":{"allow":["GET"]}}],"collection":[{"href":"https:\/\/eldiariodesanpedro.com.ar\/sitio\/wp-json\/wp\/v2\/posts"}],"about":[{"href":"https:\/\/eldiariodesanpedro.com.ar\/sitio\/wp-json\/wp\/v2\/types\/post"}],"author":[{"embeddable":true,"href":"https:\/\/eldiariodesanpedro.com.ar\/sitio\/wp-json\/wp\/v2\/users\/4"}],"replies":[{"embeddable":true,"href":"https:\/\/eldiariodesanpedro.com.ar\/sitio\/wp-json\/wp\/v2\/comments?post=81842"}],"version-history":[{"count":1,"href":"https:\/\/eldiariodesanpedro.com.ar\/sitio\/wp-json\/wp\/v2\/posts\/81842\/revisions"}],"predecessor-version":[{"id":81846,"href":"https:\/\/eldiariodesanpedro.com.ar\/sitio\/wp-json\/wp\/v2\/posts\/81842\/revisions\/81846"}],"wp:featuredmedia":[{"embeddable":true,"href":"https:\/\/eldiariodesanpedro.com.ar\/sitio\/wp-json\/wp\/v2\/media\/81844"}],"wp:attachment":[{"href":"https:\/\/eldiariodesanpedro.com.ar\/sitio\/wp-json\/wp\/v2\/media?parent=81842"}],"wp:term":[{"taxonomy":"category","embeddable":true,"href":"https:\/\/eldiariodesanpedro.com.ar\/sitio\/wp-json\/wp\/v2\/categories?post=81842"},{"taxonomy":"post_tag","embeddable":true,"href":"https:\/\/eldiariodesanpedro.com.ar\/sitio\/wp-json\/wp\/v2\/tags?post=81842"}],"curies":[{"name":"wp","href":"https:\/\/api.w.org\/{rel}","templated":true}]}}