{"id":81839,"date":"2020-10-07T10:00:43","date_gmt":"2020-10-07T13:00:43","guid":{"rendered":"https:\/\/eldiariodesanpedro.com.ar\/sitio\/?p=81839"},"modified":"2020-10-07T11:18:25","modified_gmt":"2020-10-07T14:18:25","slug":"las-entidades-del-campo-llamaron-a-un-boicot-contra-el-banco-credicoop","status":"publish","type":"post","link":"https:\/\/eldiariodesanpedro.com.ar\/sitio\/las-entidades-del-campo-llamaron-a-un-boicot-contra-el-banco-credicoop\/","title":{"rendered":"Las entidades del campo llamaron a un boicot contra el banco Credicoop"},"content":{"rendered":"<!-- VideographyWP Plugin Message: Automatic video embedding prevented by plugin options. -->\n\n<p>Un grupo de entidades del campo, incluyendo la Sociedad Rural de San Pedro, llam\u00f3 a un boicot contra el Banco Credicoop Ltdo.&nbsp;Se trata de una represalia contra Carlos Heller, uno de los impulsores del aporte solidario a las grandes fortunas. El proyecto dispone una escala de al\u00edcuotas que va desde 2% a partir de los $200 millones de pesos hasta 3,5% para m\u00e1s de $3.000 millones, por \u00fanica vez. En todo el pa\u00eds, unas 15 mil personas quedar\u00edan alcanzadas por este tributo extraordinario destinado a equilibrar parte de los costos de la pandemia.&nbsp;<\/p>\n\n\n\n<p>En un comunicado, los ruralistas plantean que se ven \u00abobligados a repudiar la actitud del Presidente de la Comisi\u00f3n de Presupuesto de la C\u00e1mara de Diputados, Presidente del banco Credicoop Ltdo. y dirigente del Movimiento Cooperativo, quien ha demostrado ser un permanente detractor de la producci\u00f3n rural y quienes sin dudas seremos alcanzados una vez m\u00e1s por esta nueva imposici\u00f3n econ\u00f3mica, llamada \u2013 APORTE SOLDARIO Y EXTRORDINARIO A LAS GRANDES FORTUNAS \u2013 nada mas alejado de la actividad e inversi\u00f3n productiva\u00bb.<\/p>\n\n\n\n<p>Por tal motivo solicitan a los productores que dejen de operar con dicha entidad bancaria cerrando todas sus cuentas en el Banco Credicoop Ltdo\u00bb.<\/p>\n\n\n\n<p>La medida es considerada \u00abuna manera activa y legal de expresar nuestro rechazo ante un nuevo impuesto que alcanzar\u00e1 tambi\u00e9n a peque\u00f1os productores y contratistas debido a los altos valores de la maquinaria agr\u00edcola y agravar\u00e1 a\u00fan mas la presi\u00f3n fiscal ya insoportable\u00bb.<\/p>\n\n\n\n<p>La nota est\u00e1 firmada por las Sociedades Rurales de Rojas, San Pedro y Baradero, y asociaciones de productores de San Antonio de Areco (ARPA), Arrecifes y Carmen de Areco (APACA).<\/p>\n\n\n\n<figure class=\"wp-block-image size-large\"><img decoding=\"async\" width=\"1024\" height=\"576\" data-attachment-id=\"81840\" data-permalink=\"https:\/\/eldiariodesanpedro.com.ar\/sitio\/las-entidades-del-campo-llamaron-a-un-boicot-contra-el-banco-credicoop\/banco-credicoop\/\" data-orig-file=\"https:\/\/eldiariodesanpedro.com.ar\/sitio\/wp-content\/uploads\/2020\/10\/Banco-Credicoop-.png\" data-orig-size=\"1280,720\" data-comments-opened=\"1\" data-image-meta=\"{&quot;aperture&quot;:&quot;0&quot;,&quot;credit&quot;:&quot;&quot;,&quot;camera&quot;:&quot;&quot;,&quot;caption&quot;:&quot;&quot;,&quot;created_timestamp&quot;:&quot;0&quot;,&quot;copyright&quot;:&quot;&quot;,&quot;focal_length&quot;:&quot;0&quot;,&quot;iso&quot;:&quot;0&quot;,&quot;shutter_speed&quot;:&quot;0&quot;,&quot;title&quot;:&quot;&quot;,&quot;orientation&quot;:&quot;0&quot;}\" data-image-title=\"Banco-Credicoop-\" data-image-description=\"\" data-image-caption=\"\" data-large-file=\"https:\/\/eldiariodesanpedro.com.ar\/sitio\/wp-content\/uploads\/2020\/10\/Banco-Credicoop--1024x576.png\" data-src=\"https:\/\/eldiariodesanpedro.com.ar\/sitio\/wp-content\/uploads\/2020\/10\/Banco-Credicoop--1024x576.png\" alt=\"\" class=\"wp-image-81840 lazyload\" data-srcset=\"https:\/\/eldiariodesanpedro.com.ar\/sitio\/wp-content\/uploads\/2020\/10\/Banco-Credicoop--1024x576.png 1024w, https:\/\/eldiariodesanpedro.com.ar\/sitio\/wp-content\/uploads\/2020\/10\/Banco-Credicoop--300x169.png 300w, https:\/\/eldiariodesanpedro.com.ar\/sitio\/wp-content\/uploads\/2020\/10\/Banco-Credicoop--768x432.png 768w, https:\/\/eldiariodesanpedro.com.ar\/sitio\/wp-content\/uploads\/2020\/10\/Banco-Credicoop--800x450.png 800w, https:\/\/eldiariodesanpedro.com.ar\/sitio\/wp-content\/uploads\/2020\/10\/Banco-Credicoop-.png 1280w\" data-sizes=\"(max-width: 1024px) 100vw, 1024px\" src=\"data:image\/svg+xml;base64,PHN2ZyB3aWR0aD0iMSIgaGVpZ2h0PSIxIiB4bWxucz0iaHR0cDovL3d3dy53My5vcmcvMjAwMC9zdmciPjwvc3ZnPg==\" style=\"--smush-placeholder-width: 1024px; --smush-placeholder-aspect-ratio: 1024\/576;\" \/><\/figure>\n","protected":false},"excerpt":{"rendered":"<p>Un grupo de entidades del campo, incluyendo la Sociedad Rural de San Pedro, llam\u00f3 a un boicot contra el Banco Credicoop Ltdo.&nbsp;Se trata de una represalia contra Carlos Heller, uno de los impulsores del aporte solidario a las grandes fortunas. El proyecto dispone una escala de al\u00edcuotas que va desde 2% a partir de los [&hellip;]<\/p>\n","protected":false},"author":4,"featured_media":81464,"comment_status":"open","ping_status":"closed","sticky":false,"template":"","format":"standard","meta":{"om_disable_all_campaigns":false,"_jetpack_memberships_contains_paid_content":false,"footnotes":""},"categories":[101,2],"tags":[],"class_list":["post-81839","post","type-post","status-publish","format-standard","has-post-thumbnail","hentry","category-interes-general-locales","category-locales"],"aioseo_notices":[],"gutentor_comment":0,"jetpack_featured_media_url":"https:\/\/eldiariodesanpedro.com.ar\/sitio\/wp-content\/uploads\/2020\/09\/unnamed-4.jpg","jetpack_shortlink":"https:\/\/wp.me\/p6RhLt-lhZ","jetpack_sharing_enabled":true,"_links":{"self":[{"href":"https:\/\/eldiariodesanpedro.com.ar\/sitio\/wp-json\/wp\/v2\/posts\/81839","targetHints":{"allow":["GET"]}}],"collection":[{"href":"https:\/\/eldiariodesanpedro.com.ar\/sitio\/wp-json\/wp\/v2\/posts"}],"about":[{"href":"https:\/\/eldiariodesanpedro.com.ar\/sitio\/wp-json\/wp\/v2\/types\/post"}],"author":[{"embeddable":true,"href":"https:\/\/eldiariodesanpedro.com.ar\/sitio\/wp-json\/wp\/v2\/users\/4"}],"replies":[{"embeddable":true,"href":"https:\/\/eldiariodesanpedro.com.ar\/sitio\/wp-json\/wp\/v2\/comments?post=81839"}],"version-history":[{"count":1,"href":"https:\/\/eldiariodesanpedro.com.ar\/sitio\/wp-json\/wp\/v2\/posts\/81839\/revisions"}],"predecessor-version":[{"id":81841,"href":"https:\/\/eldiariodesanpedro.com.ar\/sitio\/wp-json\/wp\/v2\/posts\/81839\/revisions\/81841"}],"wp:featuredmedia":[{"embeddable":true,"href":"https:\/\/eldiariodesanpedro.com.ar\/sitio\/wp-json\/wp\/v2\/media\/81464"}],"wp:attachment":[{"href":"https:\/\/eldiariodesanpedro.com.ar\/sitio\/wp-json\/wp\/v2\/media?parent=81839"}],"wp:term":[{"taxonomy":"category","embeddable":true,"href":"https:\/\/eldiariodesanpedro.com.ar\/sitio\/wp-json\/wp\/v2\/categories?post=81839"},{"taxonomy":"post_tag","embeddable":true,"href":"https:\/\/eldiariodesanpedro.com.ar\/sitio\/wp-json\/wp\/v2\/tags?post=81839"}],"curies":[{"name":"wp","href":"https:\/\/api.w.org\/{rel}","templated":true}]}}