{"id":81835,"date":"2020-10-07T09:56:58","date_gmt":"2020-10-07T12:56:58","guid":{"rendered":"https:\/\/eldiariodesanpedro.com.ar\/sitio\/?p=81835"},"modified":"2020-10-07T09:57:01","modified_gmt":"2020-10-07T12:57:01","slug":"ley-que-protege-a-asociaciones-civiles-durante-el-aislamiento","status":"publish","type":"post","link":"https:\/\/eldiariodesanpedro.com.ar\/sitio\/ley-que-protege-a-asociaciones-civiles-durante-el-aislamiento\/","title":{"rendered":"Ley que protege a asociaciones civiles durante el aislamiento"},"content":{"rendered":"<!-- VideographyWP Plugin Message: Automatic video embedding prevented by plugin options. -->\n\n<p>El Poder Ejecutivo bonaerense promulg\u00f3 la ley que declara de inter\u00e9s p\u00fablico a las asociaciones civiles de primer grado, y les otorga beneficios impositivos y exenciones de tarifas mientras contin\u00fae el aislamiento social por la pandemia del coronavirus.<\/p>\n\n\n\n<p>La iniciativa declara de \u00abinter\u00e9s p\u00fablico provincial tanto a las asociaciones civiles de bajos recursos y a las que est\u00e9n constituidas como clubes de barrio, centros de jubilados, centros culturales, sociedades de fomento, jardines comunitarios y mutuales de comunidades migrantes\u00bb, entre otras entidades.<\/p>\n\n\n\n<p>La norma establece que las asociaciones y mutuales abarcadas \u00abpodr\u00e1n acceder a beneficios tales como tarifa cero en el servicio p\u00fablico de agua, gas, electricidad, internet y telefon\u00eda para las de bajos recursos y pago por consumo real para el resto mientras dure la emergencia sanitaria\u00bb.<\/p>\n\n\n\n<p>Tambi\u00e9n, contempla una pr\u00f3rroga de los plazos para presentar la documentaci\u00f3n anual; exenci\u00f3n del Impuesto Inmobiliario; condona deudas documentales; asesoramiento t\u00e9cnico gratuito; plantea la inembargabilidad e inejecutabilidad de los inmuebles de las asociaciones de primer grado y la eliminaci\u00f3n de los gastos para el proceso de constituci\u00f3n de nuevas asociaciones, entre otras cuestiones.<\/p>\n\n\n\n<p>La norma fija que, \u00abuna vez concluida la emergencia sanitaria, el Poder Ejecutivo podr\u00e1 prorrogar el beneficio de tarifa cero de servicios p\u00fablicos para las asociaciones civiles\u00bb.<\/p>\n\n\n\n<p>Adem\u00e1s, se facult\u00f3 al Poder Ejecutivo a crear un fondo extraordinario de emergencia para el otorgamiento de subsidios y que sean destinados \u00aba adecuar instalaciones de acuerdo a los nuevos protocolos y para solventar gastos\u00bb y que \u00e9stos puedan tramitarse en los municipios.<\/p>\n\n\n\n<p>Cuando se sancion\u00f3 la norma, el autor de la iniciativa, el titular del bloque de diputados del Frente de Todos, Facundo Tignanelli, hab\u00eda resaltado que la norma ten\u00eda por objetivo \u201cfacilitar una protecci\u00f3n mayor del Estado a asociaciones como centros de jubilados, clubes de barrio, centros culturales y sociedades de fomento, entre otras, en el \u00e1mbito de la provincia de Buenos Aires\u00bb.<\/p>\n\n\n\n<p>\u00abEstas asociaciones se han convertido en intermediarias imprescindibles para el acceso a muchos derechos y la mitigaci\u00f3n de todo tipo de necesidades sociales\u00bb, grafic\u00f3 el legislador en relaci\u00f3n al rol de estas organizaciones en el marco de la pandemia de coronavirus.<\/p>\n","protected":false},"excerpt":{"rendered":"<p>El Poder Ejecutivo bonaerense promulg\u00f3 la ley que declara de inter\u00e9s p\u00fablico a las asociaciones civiles de primer grado, y les otorga beneficios impositivos y exenciones de tarifas mientras contin\u00fae el aislamiento social por la pandemia del coronavirus. La iniciativa declara de \u00abinter\u00e9s p\u00fablico provincial tanto a las asociaciones civiles de bajos recursos y a [&hellip;]<\/p>\n","protected":false},"author":4,"featured_media":81837,"comment_status":"open","ping_status":"closed","sticky":false,"template":"","format":"standard","meta":{"om_disable_all_campaigns":false,"_jetpack_memberships_contains_paid_content":false,"footnotes":""},"categories":[101,2],"tags":[197,696,33],"class_list":["post-81835","post","type-post","status-publish","format-standard","has-post-thumbnail","hentry","category-interes-general-locales","category-locales","tag-buenos-aires","tag-interes-general","tag-locales"],"aioseo_notices":[],"gutentor_comment":0,"jetpack_featured_media_url":"https:\/\/eldiariodesanpedro.com.ar\/sitio\/wp-content\/uploads\/2020\/10\/sol-mayo.jpg","jetpack_shortlink":"https:\/\/wp.me\/p6RhLt-lhV","jetpack_sharing_enabled":true,"_links":{"self":[{"href":"https:\/\/eldiariodesanpedro.com.ar\/sitio\/wp-json\/wp\/v2\/posts\/81835","targetHints":{"allow":["GET"]}}],"collection":[{"href":"https:\/\/eldiariodesanpedro.com.ar\/sitio\/wp-json\/wp\/v2\/posts"}],"about":[{"href":"https:\/\/eldiariodesanpedro.com.ar\/sitio\/wp-json\/wp\/v2\/types\/post"}],"author":[{"embeddable":true,"href":"https:\/\/eldiariodesanpedro.com.ar\/sitio\/wp-json\/wp\/v2\/users\/4"}],"replies":[{"embeddable":true,"href":"https:\/\/eldiariodesanpedro.com.ar\/sitio\/wp-json\/wp\/v2\/comments?post=81835"}],"version-history":[{"count":1,"href":"https:\/\/eldiariodesanpedro.com.ar\/sitio\/wp-json\/wp\/v2\/posts\/81835\/revisions"}],"predecessor-version":[{"id":81838,"href":"https:\/\/eldiariodesanpedro.com.ar\/sitio\/wp-json\/wp\/v2\/posts\/81835\/revisions\/81838"}],"wp:featuredmedia":[{"embeddable":true,"href":"https:\/\/eldiariodesanpedro.com.ar\/sitio\/wp-json\/wp\/v2\/media\/81837"}],"wp:attachment":[{"href":"https:\/\/eldiariodesanpedro.com.ar\/sitio\/wp-json\/wp\/v2\/media?parent=81835"}],"wp:term":[{"taxonomy":"category","embeddable":true,"href":"https:\/\/eldiariodesanpedro.com.ar\/sitio\/wp-json\/wp\/v2\/categories?post=81835"},{"taxonomy":"post_tag","embeddable":true,"href":"https:\/\/eldiariodesanpedro.com.ar\/sitio\/wp-json\/wp\/v2\/tags?post=81835"}],"curies":[{"name":"wp","href":"https:\/\/api.w.org\/{rel}","templated":true}]}}