{"id":81774,"date":"2020-10-05T13:13:02","date_gmt":"2020-10-05T16:13:02","guid":{"rendered":"https:\/\/eldiariodesanpedro.com.ar\/sitio\/?p=81774"},"modified":"2020-10-05T13:13:03","modified_gmt":"2020-10-05T16:13:03","slug":"tres-accidentes-con-importantes-lesiones-y-un-aprehendido-tras-darse-a-la-fuga","status":"publish","type":"post","link":"https:\/\/eldiariodesanpedro.com.ar\/sitio\/tres-accidentes-con-importantes-lesiones-y-un-aprehendido-tras-darse-a-la-fuga\/","title":{"rendered":"Tres accidentes con importantes lesiones y un aprehendido tras darse a la fuga"},"content":{"rendered":"<!-- VideographyWP Plugin Message: Automatic video embedding prevented by plugin options. -->\n\n<p>Este domingo ocurrieron varios hechos de tr\u00e1nsito donde personas resultaron heridas de gravedad y un conductor que se dio a la fuga fue aprendido.<\/p>\n\n\n\n<p>Este domingo por razones se trate de establecer, autom\u00f3vil Volkswagen Gol, color gris conducido por masculino 30 a\u00f1os que llevaba como acompa\u00f1antes su pareja de 29 a\u00f1os y sus hijas de 11, 9 y 2 a\u00f1os, quienes circulaban por la bajada Nestor Kirchner sentido hacia el R\u00edo Paran\u00e1, colisiona con otro autom\u00f3vil Volkswagen Gol, color blanco, conducido por masculino que circulaba por calle San Martin sentido Rosario Buenos Aires, que este \u00faltimo se da a la fuga luego de la colisi\u00f3n.<\/p>\n\n\n\n<p>Como consecuencia el conductor y dos de sus hijas de 11 y 9 a\u00f1os, son trasladados al Hospital local, presentando traumatismos leves. Restantes ocupantes ilesos.&nbsp;&nbsp;<\/p>\n\n\n\n<p>Tambi\u00e9n el mismo d\u00eda por razones que se tratan de establecer, en Dr. Davila y Mateo Sbert ciudad, motocicleta guiada por masculino 33 a\u00f1os, colisiona con peat\u00f3n femenina 25 a\u00f1os. Consecuencia femenina trasladada al Hospital local, presentando fractura de Pierna Izquierda.&nbsp;<\/p>\n\n\n\n<p>Adem\u00e1s tambi\u00e9n se trata de establecer que este domingo que otra vez en calle Av.Nestor Kirchner y San Mart\u00edn, autom\u00f3vil Peugeot 504, guiado por masculino 39 a\u00f1os, colision\u00f3 con bicicleta guiada por femenina 16 a\u00f1os. El conductor del autom\u00f3vil fuga del lugar, siendo localizado en calle 64 esquina Las Heras, donde se resiste e intenta agredir a personal, siendo aprehendido y posterior traslado a dependencia.<\/p>\n\n\n\n<p>A ra\u00edz de la colisi\u00f3n la mujer result\u00f3 trasladada al Hospital local donde se determin\u00f3&nbsp; que presentaba una fractura de pierna izquierda.&nbsp;<\/p>\n\n\n\n<p>En el lugar estuvo presente polic\u00eda cient\u00edfica y el autom\u00f3vil fue secuestrado.<\/p>\n\n\n\n<figure class=\"wp-block-image size-large\"><img decoding=\"async\" width=\"768\" height=\"1024\" data-attachment-id=\"81776\" data-permalink=\"https:\/\/eldiariodesanpedro.com.ar\/sitio\/tres-accidentes-con-importantes-lesiones-y-un-aprehendido-tras-darse-a-la-fuga\/whatsapp-image-2020-10-05-at-11-00-04-1\/\" data-orig-file=\"https:\/\/eldiariodesanpedro.com.ar\/sitio\/wp-content\/uploads\/2020\/10\/WhatsApp-Image-2020-10-05-at-11.00.04-1.jpeg\" data-orig-size=\"774,1032\" data-comments-opened=\"1\" data-image-meta=\"{&quot;aperture&quot;:&quot;0&quot;,&quot;credit&quot;:&quot;&quot;,&quot;camera&quot;:&quot;&quot;,&quot;caption&quot;:&quot;&quot;,&quot;created_timestamp&quot;:&quot;0&quot;,&quot;copyright&quot;:&quot;&quot;,&quot;focal_length&quot;:&quot;0&quot;,&quot;iso&quot;:&quot;0&quot;,&quot;shutter_speed&quot;:&quot;0&quot;,&quot;title&quot;:&quot;&quot;,&quot;orientation&quot;:&quot;0&quot;}\" data-image-title=\"WhatsApp Image 2020-10-05 at 11.00.04 (1)\" data-image-description=\"\" data-image-caption=\"\" data-large-file=\"https:\/\/eldiariodesanpedro.com.ar\/sitio\/wp-content\/uploads\/2020\/10\/WhatsApp-Image-2020-10-05-at-11.00.04-1-768x1024.jpeg\" data-src=\"https:\/\/eldiariodesanpedro.com.ar\/sitio\/wp-content\/uploads\/2020\/10\/WhatsApp-Image-2020-10-05-at-11.00.04-1-768x1024.jpeg\" alt=\"\" class=\"wp-image-81776 lazyload\" data-srcset=\"https:\/\/eldiariodesanpedro.com.ar\/sitio\/wp-content\/uploads\/2020\/10\/WhatsApp-Image-2020-10-05-at-11.00.04-1-768x1024.jpeg 768w, https:\/\/eldiariodesanpedro.com.ar\/sitio\/wp-content\/uploads\/2020\/10\/WhatsApp-Image-2020-10-05-at-11.00.04-1-225x300.jpeg 225w, https:\/\/eldiariodesanpedro.com.ar\/sitio\/wp-content\/uploads\/2020\/10\/WhatsApp-Image-2020-10-05-at-11.00.04-1.jpeg 774w\" data-sizes=\"(max-width: 768px) 100vw, 768px\" src=\"data:image\/svg+xml;base64,PHN2ZyB3aWR0aD0iMSIgaGVpZ2h0PSIxIiB4bWxucz0iaHR0cDovL3d3dy53My5vcmcvMjAwMC9zdmciPjwvc3ZnPg==\" style=\"--smush-placeholder-width: 768px; --smush-placeholder-aspect-ratio: 768\/1024;\" \/><\/figure>\n","protected":false},"excerpt":{"rendered":"<p>Este domingo ocurrieron varios hechos de tr\u00e1nsito donde personas resultaron heridas de gravedad y un conductor que se dio a la fuga fue aprendido. Este domingo por razones se trate de establecer, autom\u00f3vil Volkswagen Gol, color gris conducido por masculino 30 a\u00f1os que llevaba como acompa\u00f1antes su pareja de 29 a\u00f1os y sus hijas de [&hellip;]<\/p>\n","protected":false},"author":4,"featured_media":81775,"comment_status":"open","ping_status":"closed","sticky":false,"template":"","format":"standard","meta":{"om_disable_all_campaigns":false,"_jetpack_memberships_contains_paid_content":false,"footnotes":""},"categories":[2],"tags":[],"class_list":["post-81774","post","type-post","status-publish","format-standard","has-post-thumbnail","hentry","category-locales"],"aioseo_notices":[],"gutentor_comment":0,"jetpack_featured_media_url":"https:\/\/eldiariodesanpedro.com.ar\/sitio\/wp-content\/uploads\/2020\/10\/WhatsApp-Image-2020-10-05-at-11.00.03.jpeg","jetpack_shortlink":"https:\/\/wp.me\/p6RhLt-lgW","jetpack_sharing_enabled":true,"_links":{"self":[{"href":"https:\/\/eldiariodesanpedro.com.ar\/sitio\/wp-json\/wp\/v2\/posts\/81774","targetHints":{"allow":["GET"]}}],"collection":[{"href":"https:\/\/eldiariodesanpedro.com.ar\/sitio\/wp-json\/wp\/v2\/posts"}],"about":[{"href":"https:\/\/eldiariodesanpedro.com.ar\/sitio\/wp-json\/wp\/v2\/types\/post"}],"author":[{"embeddable":true,"href":"https:\/\/eldiariodesanpedro.com.ar\/sitio\/wp-json\/wp\/v2\/users\/4"}],"replies":[{"embeddable":true,"href":"https:\/\/eldiariodesanpedro.com.ar\/sitio\/wp-json\/wp\/v2\/comments?post=81774"}],"version-history":[{"count":1,"href":"https:\/\/eldiariodesanpedro.com.ar\/sitio\/wp-json\/wp\/v2\/posts\/81774\/revisions"}],"predecessor-version":[{"id":81777,"href":"https:\/\/eldiariodesanpedro.com.ar\/sitio\/wp-json\/wp\/v2\/posts\/81774\/revisions\/81777"}],"wp:featuredmedia":[{"embeddable":true,"href":"https:\/\/eldiariodesanpedro.com.ar\/sitio\/wp-json\/wp\/v2\/media\/81775"}],"wp:attachment":[{"href":"https:\/\/eldiariodesanpedro.com.ar\/sitio\/wp-json\/wp\/v2\/media?parent=81774"}],"wp:term":[{"taxonomy":"category","embeddable":true,"href":"https:\/\/eldiariodesanpedro.com.ar\/sitio\/wp-json\/wp\/v2\/categories?post=81774"},{"taxonomy":"post_tag","embeddable":true,"href":"https:\/\/eldiariodesanpedro.com.ar\/sitio\/wp-json\/wp\/v2\/tags?post=81774"}],"curies":[{"name":"wp","href":"https:\/\/api.w.org\/{rel}","templated":true}]}}