{"id":81767,"date":"2020-10-05T11:53:25","date_gmt":"2020-10-05T14:53:25","guid":{"rendered":"https:\/\/eldiariodesanpedro.com.ar\/sitio\/?p=81767"},"modified":"2020-10-05T11:53:28","modified_gmt":"2020-10-05T14:53:28","slug":"se-recuperaron-tres-caballos-en-la-tosquera","status":"publish","type":"post","link":"https:\/\/eldiariodesanpedro.com.ar\/sitio\/se-recuperaron-tres-caballos-en-la-tosquera\/","title":{"rendered":"Se recuperaron tres caballos en la Tosquera"},"content":{"rendered":"<!-- VideographyWP Plugin Message: Automatic video embedding prevented by plugin options. -->\n\n<p>El pasado domingo, el personal policial de este elemento procede en calle Laprida del barrio la Tosquera lindante a F\u00e1brica Papel Prensa, se realizo el hallazgo de&nbsp; un equino Alaz\u00e1n Tostado, un equino Alaz\u00e1n de cola tusado derecho, un equino Mestizo pelaje zaino negro, los cuales fueron denunciados en el destacamento local como robado.La UFI 11 dispone entrega.<\/p>\n","protected":false},"excerpt":{"rendered":"<p>El pasado domingo, el personal policial de este elemento procede en calle Laprida del barrio la Tosquera lindante a F\u00e1brica Papel Prensa, se realizo el hallazgo de&nbsp; un equino Alaz\u00e1n Tostado, un equino Alaz\u00e1n de cola tusado derecho, un equino Mestizo pelaje zaino negro, los cuales fueron denunciados en el destacamento local como robado.La UFI [&hellip;]<\/p>\n","protected":false},"author":4,"featured_media":81768,"comment_status":"open","ping_status":"closed","sticky":false,"template":"","format":"standard","meta":{"om_disable_all_campaigns":false,"_jetpack_memberships_contains_paid_content":false,"footnotes":""},"categories":[2,103],"tags":[197,33,95],"class_list":["post-81767","post","type-post","status-publish","format-standard","has-post-thumbnail","hentry","category-locales","category-policiales-locales","tag-buenos-aires","tag-locales","tag-policiales"],"aioseo_notices":[],"gutentor_comment":0,"jetpack_featured_media_url":"https:\/\/eldiariodesanpedro.com.ar\/sitio\/wp-content\/uploads\/2020\/10\/Sin-titulo-2.jpg","jetpack_shortlink":"https:\/\/wp.me\/p6RhLt-lgP","jetpack_sharing_enabled":true,"_links":{"self":[{"href":"https:\/\/eldiariodesanpedro.com.ar\/sitio\/wp-json\/wp\/v2\/posts\/81767","targetHints":{"allow":["GET"]}}],"collection":[{"href":"https:\/\/eldiariodesanpedro.com.ar\/sitio\/wp-json\/wp\/v2\/posts"}],"about":[{"href":"https:\/\/eldiariodesanpedro.com.ar\/sitio\/wp-json\/wp\/v2\/types\/post"}],"author":[{"embeddable":true,"href":"https:\/\/eldiariodesanpedro.com.ar\/sitio\/wp-json\/wp\/v2\/users\/4"}],"replies":[{"embeddable":true,"href":"https:\/\/eldiariodesanpedro.com.ar\/sitio\/wp-json\/wp\/v2\/comments?post=81767"}],"version-history":[{"count":1,"href":"https:\/\/eldiariodesanpedro.com.ar\/sitio\/wp-json\/wp\/v2\/posts\/81767\/revisions"}],"predecessor-version":[{"id":81769,"href":"https:\/\/eldiariodesanpedro.com.ar\/sitio\/wp-json\/wp\/v2\/posts\/81767\/revisions\/81769"}],"wp:featuredmedia":[{"embeddable":true,"href":"https:\/\/eldiariodesanpedro.com.ar\/sitio\/wp-json\/wp\/v2\/media\/81768"}],"wp:attachment":[{"href":"https:\/\/eldiariodesanpedro.com.ar\/sitio\/wp-json\/wp\/v2\/media?parent=81767"}],"wp:term":[{"taxonomy":"category","embeddable":true,"href":"https:\/\/eldiariodesanpedro.com.ar\/sitio\/wp-json\/wp\/v2\/categories?post=81767"},{"taxonomy":"post_tag","embeddable":true,"href":"https:\/\/eldiariodesanpedro.com.ar\/sitio\/wp-json\/wp\/v2\/tags?post=81767"}],"curies":[{"name":"wp","href":"https:\/\/api.w.org\/{rel}","templated":true}]}}