{"id":81760,"date":"2020-10-05T11:46:33","date_gmt":"2020-10-05T14:46:33","guid":{"rendered":"https:\/\/eldiariodesanpedro.com.ar\/sitio\/?p=81760"},"modified":"2020-10-05T11:46:37","modified_gmt":"2020-10-05T14:46:37","slug":"aprehendido-por-tenencia-de-estupefacientes-5","status":"publish","type":"post","link":"https:\/\/eldiariodesanpedro.com.ar\/sitio\/aprehendido-por-tenencia-de-estupefacientes-5\/","title":{"rendered":"Aprehendido por tenencia de estupefacientes"},"content":{"rendered":"<!-- VideographyWP Plugin Message: Automatic video embedding prevented by plugin options. -->\n\n<p>El d\u00eda s\u00e1bado en la intersecci\u00f3n de las calles Combate de Obligado y Bozzano, identific\u00f3 a masculino de 23 a\u00f1os y secuestr\u00f3 en su poder cigarros armados de marihuana.&nbsp;<\/p>\n\n\n\n<p>Fue aprehendido trasladado a la comisar\u00eda local y tras los recaudos legales por la UFI N\u00b0 11 fue puesto en libertad.<\/p>\n\n\n\n<p><\/p>\n","protected":false},"excerpt":{"rendered":"<p>El d\u00eda s\u00e1bado en la intersecci\u00f3n de las calles Combate de Obligado y Bozzano, identific\u00f3 a masculino de 23 a\u00f1os y secuestr\u00f3 en su poder cigarros armados de marihuana.&nbsp; Fue aprehendido trasladado a la comisar\u00eda local y tras los recaudos legales por la UFI N\u00b0 11 fue puesto en libertad.<\/p>\n","protected":false},"author":4,"featured_media":80172,"comment_status":"open","ping_status":"closed","sticky":false,"template":"","format":"standard","meta":{"om_disable_all_campaigns":false,"_jetpack_memberships_contains_paid_content":false,"footnotes":""},"categories":[2,103],"tags":[],"class_list":["post-81760","post","type-post","status-publish","format-standard","has-post-thumbnail","hentry","category-locales","category-policiales-locales"],"aioseo_notices":[],"gutentor_comment":0,"jetpack_featured_media_url":"https:\/\/eldiariodesanpedro.com.ar\/sitio\/wp-content\/uploads\/2020\/08\/lvp.lvp_.img_nv000592.jpg","jetpack_shortlink":"https:\/\/wp.me\/p6RhLt-lgI","jetpack_sharing_enabled":true,"_links":{"self":[{"href":"https:\/\/eldiariodesanpedro.com.ar\/sitio\/wp-json\/wp\/v2\/posts\/81760","targetHints":{"allow":["GET"]}}],"collection":[{"href":"https:\/\/eldiariodesanpedro.com.ar\/sitio\/wp-json\/wp\/v2\/posts"}],"about":[{"href":"https:\/\/eldiariodesanpedro.com.ar\/sitio\/wp-json\/wp\/v2\/types\/post"}],"author":[{"embeddable":true,"href":"https:\/\/eldiariodesanpedro.com.ar\/sitio\/wp-json\/wp\/v2\/users\/4"}],"replies":[{"embeddable":true,"href":"https:\/\/eldiariodesanpedro.com.ar\/sitio\/wp-json\/wp\/v2\/comments?post=81760"}],"version-history":[{"count":1,"href":"https:\/\/eldiariodesanpedro.com.ar\/sitio\/wp-json\/wp\/v2\/posts\/81760\/revisions"}],"predecessor-version":[{"id":81761,"href":"https:\/\/eldiariodesanpedro.com.ar\/sitio\/wp-json\/wp\/v2\/posts\/81760\/revisions\/81761"}],"wp:featuredmedia":[{"embeddable":true,"href":"https:\/\/eldiariodesanpedro.com.ar\/sitio\/wp-json\/wp\/v2\/media\/80172"}],"wp:attachment":[{"href":"https:\/\/eldiariodesanpedro.com.ar\/sitio\/wp-json\/wp\/v2\/media?parent=81760"}],"wp:term":[{"taxonomy":"category","embeddable":true,"href":"https:\/\/eldiariodesanpedro.com.ar\/sitio\/wp-json\/wp\/v2\/categories?post=81760"},{"taxonomy":"post_tag","embeddable":true,"href":"https:\/\/eldiariodesanpedro.com.ar\/sitio\/wp-json\/wp\/v2\/tags?post=81760"}],"curies":[{"name":"wp","href":"https:\/\/api.w.org\/{rel}","templated":true}]}}