{"id":81757,"date":"2020-10-05T11:44:26","date_gmt":"2020-10-05T14:44:26","guid":{"rendered":"https:\/\/eldiariodesanpedro.com.ar\/sitio\/?p=81757"},"modified":"2020-10-05T11:44:27","modified_gmt":"2020-10-05T14:44:27","slug":"con-frondosos-antecedentes-fue-detenido-un-ciudadano-por-un-hecho-de-intento-de-homicidio","status":"publish","type":"post","link":"https:\/\/eldiariodesanpedro.com.ar\/sitio\/con-frondosos-antecedentes-fue-detenido-un-ciudadano-por-un-hecho-de-intento-de-homicidio\/","title":{"rendered":"Con frondosos antecedentes fue detenido un ciudadano por un hecho de intento de homicidio"},"content":{"rendered":"<!-- VideographyWP Plugin Message: Automatic video embedding prevented by plugin options. -->\n\n<p>Este viernes los efectivos del GTO y EPC de San Pedro lograron la detecci\u00f3n y detenci\u00f3n de un sujeto buscado por una causa de homicidio.<\/p>\n\n\n\n<p>El hecho ocurri\u00f3 el pasado viernes cuando tras una persecuci\u00f3n de un Volkswagen Bora fue interceptado en la esquina de Bouvard Moreno y Manuel Iglesias donde se logra la detenci\u00f3n de un ciudadano mayor de edad con frondosos antecedentes, intentando darse a la fuga, quien posee pedido de detenci\u00f3n activo solicitado por el juzgado de Garant\u00edas N\u00ba 3&nbsp; desde el a\u00f1o 2018 por un hecho de \u201cHomicidio de grado de tentativa\u201d&nbsp; y tambi\u00e9n otro pedido de detenci\u00f3n por parte del Juzgado Correccional N\u00ba 2 departamental&nbsp; con fecha en el 2019 quien debi\u00f3 ser apresado y trasladado urgencia.<\/p>\n\n\n\n<p>Los familiares y vecinos intentaron impedir su detenci\u00f3n agrediendo a los efectivos.<\/p>\n","protected":false},"excerpt":{"rendered":"<p>Este viernes los efectivos del GTO y EPC de San Pedro lograron la detecci\u00f3n y detenci\u00f3n de un sujeto buscado por una causa de homicidio. El hecho ocurri\u00f3 el pasado viernes cuando tras una persecuci\u00f3n de un Volkswagen Bora fue interceptado en la esquina de Bouvard Moreno y Manuel Iglesias donde se logra la detenci\u00f3n [&hellip;]<\/p>\n","protected":false},"author":4,"featured_media":81758,"comment_status":"open","ping_status":"closed","sticky":false,"template":"","format":"standard","meta":{"om_disable_all_campaigns":false,"_jetpack_memberships_contains_paid_content":false,"footnotes":""},"categories":[2,103],"tags":[197,33,95],"class_list":["post-81757","post","type-post","status-publish","format-standard","has-post-thumbnail","hentry","category-locales","category-policiales-locales","tag-buenos-aires","tag-locales","tag-policiales"],"aioseo_notices":[],"gutentor_comment":0,"jetpack_featured_media_url":"https:\/\/eldiariodesanpedro.com.ar\/sitio\/wp-content\/uploads\/2020\/10\/WhatsApp-Image-2020-10-05-at-11.00.09.jpeg","jetpack_shortlink":"https:\/\/wp.me\/p6RhLt-lgF","jetpack_sharing_enabled":true,"_links":{"self":[{"href":"https:\/\/eldiariodesanpedro.com.ar\/sitio\/wp-json\/wp\/v2\/posts\/81757","targetHints":{"allow":["GET"]}}],"collection":[{"href":"https:\/\/eldiariodesanpedro.com.ar\/sitio\/wp-json\/wp\/v2\/posts"}],"about":[{"href":"https:\/\/eldiariodesanpedro.com.ar\/sitio\/wp-json\/wp\/v2\/types\/post"}],"author":[{"embeddable":true,"href":"https:\/\/eldiariodesanpedro.com.ar\/sitio\/wp-json\/wp\/v2\/users\/4"}],"replies":[{"embeddable":true,"href":"https:\/\/eldiariodesanpedro.com.ar\/sitio\/wp-json\/wp\/v2\/comments?post=81757"}],"version-history":[{"count":1,"href":"https:\/\/eldiariodesanpedro.com.ar\/sitio\/wp-json\/wp\/v2\/posts\/81757\/revisions"}],"predecessor-version":[{"id":81759,"href":"https:\/\/eldiariodesanpedro.com.ar\/sitio\/wp-json\/wp\/v2\/posts\/81757\/revisions\/81759"}],"wp:featuredmedia":[{"embeddable":true,"href":"https:\/\/eldiariodesanpedro.com.ar\/sitio\/wp-json\/wp\/v2\/media\/81758"}],"wp:attachment":[{"href":"https:\/\/eldiariodesanpedro.com.ar\/sitio\/wp-json\/wp\/v2\/media?parent=81757"}],"wp:term":[{"taxonomy":"category","embeddable":true,"href":"https:\/\/eldiariodesanpedro.com.ar\/sitio\/wp-json\/wp\/v2\/categories?post=81757"},{"taxonomy":"post_tag","embeddable":true,"href":"https:\/\/eldiariodesanpedro.com.ar\/sitio\/wp-json\/wp\/v2\/tags?post=81757"}],"curies":[{"name":"wp","href":"https:\/\/api.w.org\/{rel}","templated":true}]}}