{"id":81752,"date":"2020-10-05T11:40:11","date_gmt":"2020-10-05T14:40:11","guid":{"rendered":"https:\/\/eldiariodesanpedro.com.ar\/sitio\/?p=81752"},"modified":"2020-10-05T11:40:15","modified_gmt":"2020-10-05T14:40:15","slug":"aprehendido-por-llevar-un-arma-blanca","status":"publish","type":"post","link":"https:\/\/eldiariodesanpedro.com.ar\/sitio\/aprehendido-por-llevar-un-arma-blanca\/","title":{"rendered":"Aprehendido por llevar un arma blanca"},"content":{"rendered":"<!-- VideographyWP Plugin Message: Automatic video embedding prevented by plugin options. -->\n\n<p>El personal policial de nuestra ciudad se hace presente en calle Bozzano e Ituzaingo ciudad, aprehende a masculino de 39 a\u00f1os, a quien se le secuestr\u00f3 un cuchillo en su poder.<\/p>\n\n\n\n<p>El sujeto fue aprehendido trasladado hasta la comisar\u00eda local y su posterior libertad tras informar al Juzgado de Paz local para emitir una contravenci\u00f3n.\u00a0<\/p>\n\n\n\n<figure class=\"wp-block-image size-large\"><img decoding=\"async\" width=\"768\" height=\"1024\" data-attachment-id=\"81753\" data-permalink=\"https:\/\/eldiariodesanpedro.com.ar\/sitio\/aprehendido-por-llevar-un-arma-blanca\/whatsapp-image-2020-10-05-at-11-00-06-1\/\" data-orig-file=\"https:\/\/eldiariodesanpedro.com.ar\/sitio\/wp-content\/uploads\/2020\/10\/WhatsApp-Image-2020-10-05-at-11.00.06-1.jpeg\" data-orig-size=\"960,1280\" data-comments-opened=\"1\" data-image-meta=\"{&quot;aperture&quot;:&quot;0&quot;,&quot;credit&quot;:&quot;&quot;,&quot;camera&quot;:&quot;&quot;,&quot;caption&quot;:&quot;&quot;,&quot;created_timestamp&quot;:&quot;0&quot;,&quot;copyright&quot;:&quot;&quot;,&quot;focal_length&quot;:&quot;0&quot;,&quot;iso&quot;:&quot;0&quot;,&quot;shutter_speed&quot;:&quot;0&quot;,&quot;title&quot;:&quot;&quot;,&quot;orientation&quot;:&quot;0&quot;}\" data-image-title=\"WhatsApp Image 2020-10-05 at 11.00.06 (1)\" data-image-description=\"\" data-image-caption=\"\" data-large-file=\"https:\/\/eldiariodesanpedro.com.ar\/sitio\/wp-content\/uploads\/2020\/10\/WhatsApp-Image-2020-10-05-at-11.00.06-1-768x1024.jpeg\" data-src=\"https:\/\/eldiariodesanpedro.com.ar\/sitio\/wp-content\/uploads\/2020\/10\/WhatsApp-Image-2020-10-05-at-11.00.06-1-768x1024.jpeg\" alt=\"\" class=\"wp-image-81753 lazyload\" data-srcset=\"https:\/\/eldiariodesanpedro.com.ar\/sitio\/wp-content\/uploads\/2020\/10\/WhatsApp-Image-2020-10-05-at-11.00.06-1-768x1024.jpeg 768w, https:\/\/eldiariodesanpedro.com.ar\/sitio\/wp-content\/uploads\/2020\/10\/WhatsApp-Image-2020-10-05-at-11.00.06-1-225x300.jpeg 225w, https:\/\/eldiariodesanpedro.com.ar\/sitio\/wp-content\/uploads\/2020\/10\/WhatsApp-Image-2020-10-05-at-11.00.06-1.jpeg 960w\" data-sizes=\"(max-width: 768px) 100vw, 768px\" src=\"data:image\/svg+xml;base64,PHN2ZyB3aWR0aD0iMSIgaGVpZ2h0PSIxIiB4bWxucz0iaHR0cDovL3d3dy53My5vcmcvMjAwMC9zdmciPjwvc3ZnPg==\" style=\"--smush-placeholder-width: 768px; --smush-placeholder-aspect-ratio: 768\/1024;\" \/><\/figure>\n","protected":false},"excerpt":{"rendered":"<p>El personal policial de nuestra ciudad se hace presente en calle Bozzano e Ituzaingo ciudad, aprehende a masculino de 39 a\u00f1os, a quien se le secuestr\u00f3 un cuchillo en su poder. El sujeto fue aprehendido trasladado hasta la comisar\u00eda local y su posterior libertad tras informar al Juzgado de Paz local para emitir una contravenci\u00f3n.\u00a0<\/p>\n","protected":false},"author":4,"featured_media":81754,"comment_status":"open","ping_status":"closed","sticky":false,"template":"","format":"standard","meta":{"om_disable_all_campaigns":false,"_jetpack_memberships_contains_paid_content":false,"footnotes":""},"categories":[2,103],"tags":[197,33,95],"class_list":["post-81752","post","type-post","status-publish","format-standard","has-post-thumbnail","hentry","category-locales","category-policiales-locales","tag-buenos-aires","tag-locales","tag-policiales"],"aioseo_notices":[],"gutentor_comment":0,"jetpack_featured_media_url":"https:\/\/eldiariodesanpedro.com.ar\/sitio\/wp-content\/uploads\/2020\/10\/WhatsApp-Image-2020-10-05-at-11.00.06.jpeg","jetpack_shortlink":"https:\/\/wp.me\/p6RhLt-lgA","jetpack_sharing_enabled":true,"_links":{"self":[{"href":"https:\/\/eldiariodesanpedro.com.ar\/sitio\/wp-json\/wp\/v2\/posts\/81752","targetHints":{"allow":["GET"]}}],"collection":[{"href":"https:\/\/eldiariodesanpedro.com.ar\/sitio\/wp-json\/wp\/v2\/posts"}],"about":[{"href":"https:\/\/eldiariodesanpedro.com.ar\/sitio\/wp-json\/wp\/v2\/types\/post"}],"author":[{"embeddable":true,"href":"https:\/\/eldiariodesanpedro.com.ar\/sitio\/wp-json\/wp\/v2\/users\/4"}],"replies":[{"embeddable":true,"href":"https:\/\/eldiariodesanpedro.com.ar\/sitio\/wp-json\/wp\/v2\/comments?post=81752"}],"version-history":[{"count":1,"href":"https:\/\/eldiariodesanpedro.com.ar\/sitio\/wp-json\/wp\/v2\/posts\/81752\/revisions"}],"predecessor-version":[{"id":81755,"href":"https:\/\/eldiariodesanpedro.com.ar\/sitio\/wp-json\/wp\/v2\/posts\/81752\/revisions\/81755"}],"wp:featuredmedia":[{"embeddable":true,"href":"https:\/\/eldiariodesanpedro.com.ar\/sitio\/wp-json\/wp\/v2\/media\/81754"}],"wp:attachment":[{"href":"https:\/\/eldiariodesanpedro.com.ar\/sitio\/wp-json\/wp\/v2\/media?parent=81752"}],"wp:term":[{"taxonomy":"category","embeddable":true,"href":"https:\/\/eldiariodesanpedro.com.ar\/sitio\/wp-json\/wp\/v2\/categories?post=81752"},{"taxonomy":"post_tag","embeddable":true,"href":"https:\/\/eldiariodesanpedro.com.ar\/sitio\/wp-json\/wp\/v2\/tags?post=81752"}],"curies":[{"name":"wp","href":"https:\/\/api.w.org\/{rel}","templated":true}]}}