{"id":81750,"date":"2020-10-05T11:36:39","date_gmt":"2020-10-05T14:36:39","guid":{"rendered":"https:\/\/eldiariodesanpedro.com.ar\/sitio\/?p=81750"},"modified":"2020-10-05T11:41:34","modified_gmt":"2020-10-05T14:41:34","slug":"dos-borrachos-aprendido-por-ocasionar-disturbios-en-la-via-publica","status":"publish","type":"post","link":"https:\/\/eldiariodesanpedro.com.ar\/sitio\/dos-borrachos-aprendido-por-ocasionar-disturbios-en-la-via-publica\/","title":{"rendered":"Dos borrachos aprendido por ocasionar disturbios en la v\u00eda p\u00fablica"},"content":{"rendered":"<!-- VideographyWP Plugin Message: Automatic video embedding prevented by plugin options. -->\n\n<p>El personal del destacamento de Santa Luc\u00eda tras ser alertado acude calle Ayacucho sin n\u00famero de esa localidad, donde aprehende a un masculino de 47 a\u00f1os, quien se encontraba en la v\u00eda p\u00fablica en estado de ebriedad ocasionando disturbios.&nbsp;<\/p>\n\n\n\n<p>Se inician actuaciones por infraccion articulo 72 y 74 ley 8031, con intervenci\u00f3n del Juzgado de Paz San Pedro.<\/p>\n\n\n\n<p>El personal policial perteneciente al destacamento de R\u00edo Tala se hace presente con un m\u00f3vil en calle Camelino y Rivadavia donde se procedi\u00f3 a la aprehension de masculino de 42 a\u00f1os&nbsp; quien en estado de ebriedad provoca disturbios en la v\u00eda p\u00fablica. &nbsp;<\/p>\n","protected":false},"excerpt":{"rendered":"<p>El personal del destacamento de Santa Luc\u00eda tras ser alertado acude calle Ayacucho sin n\u00famero de esa localidad, donde aprehende a un masculino de 47 a\u00f1os, quien se encontraba en la v\u00eda p\u00fablica en estado de ebriedad ocasionando disturbios.&nbsp; Se inician actuaciones por infraccion articulo 72 y 74 ley 8031, con intervenci\u00f3n del Juzgado de [&hellip;]<\/p>\n","protected":false},"author":4,"featured_media":80172,"comment_status":"open","ping_status":"closed","sticky":false,"template":"","format":"standard","meta":{"om_disable_all_campaigns":false,"_jetpack_memberships_contains_paid_content":false,"footnotes":""},"categories":[2,103],"tags":[197,33,95],"class_list":["post-81750","post","type-post","status-publish","format-standard","has-post-thumbnail","hentry","category-locales","category-policiales-locales","tag-buenos-aires","tag-locales","tag-policiales"],"aioseo_notices":[],"gutentor_comment":0,"jetpack_featured_media_url":"https:\/\/eldiariodesanpedro.com.ar\/sitio\/wp-content\/uploads\/2020\/08\/lvp.lvp_.img_nv000592.jpg","jetpack_shortlink":"https:\/\/wp.me\/p6RhLt-lgy","jetpack_sharing_enabled":true,"_links":{"self":[{"href":"https:\/\/eldiariodesanpedro.com.ar\/sitio\/wp-json\/wp\/v2\/posts\/81750","targetHints":{"allow":["GET"]}}],"collection":[{"href":"https:\/\/eldiariodesanpedro.com.ar\/sitio\/wp-json\/wp\/v2\/posts"}],"about":[{"href":"https:\/\/eldiariodesanpedro.com.ar\/sitio\/wp-json\/wp\/v2\/types\/post"}],"author":[{"embeddable":true,"href":"https:\/\/eldiariodesanpedro.com.ar\/sitio\/wp-json\/wp\/v2\/users\/4"}],"replies":[{"embeddable":true,"href":"https:\/\/eldiariodesanpedro.com.ar\/sitio\/wp-json\/wp\/v2\/comments?post=81750"}],"version-history":[{"count":1,"href":"https:\/\/eldiariodesanpedro.com.ar\/sitio\/wp-json\/wp\/v2\/posts\/81750\/revisions"}],"predecessor-version":[{"id":81751,"href":"https:\/\/eldiariodesanpedro.com.ar\/sitio\/wp-json\/wp\/v2\/posts\/81750\/revisions\/81751"}],"wp:featuredmedia":[{"embeddable":true,"href":"https:\/\/eldiariodesanpedro.com.ar\/sitio\/wp-json\/wp\/v2\/media\/80172"}],"wp:attachment":[{"href":"https:\/\/eldiariodesanpedro.com.ar\/sitio\/wp-json\/wp\/v2\/media?parent=81750"}],"wp:term":[{"taxonomy":"category","embeddable":true,"href":"https:\/\/eldiariodesanpedro.com.ar\/sitio\/wp-json\/wp\/v2\/categories?post=81750"},{"taxonomy":"post_tag","embeddable":true,"href":"https:\/\/eldiariodesanpedro.com.ar\/sitio\/wp-json\/wp\/v2\/tags?post=81750"}],"curies":[{"name":"wp","href":"https:\/\/api.w.org\/{rel}","templated":true}]}}