{"id":81744,"date":"2020-10-05T10:44:28","date_gmt":"2020-10-05T13:44:28","guid":{"rendered":"https:\/\/eldiariodesanpedro.com.ar\/sitio\/?p=81744"},"modified":"2020-10-05T10:44:31","modified_gmt":"2020-10-05T13:44:31","slug":"tratan-de-dar-con-el-paradero-de-una-camioneta-que-choco-y-huyo","status":"publish","type":"post","link":"https:\/\/eldiariodesanpedro.com.ar\/sitio\/tratan-de-dar-con-el-paradero-de-una-camioneta-que-choco-y-huyo\/","title":{"rendered":"Tratan de dar con el paradero de una camioneta que choco y huyo"},"content":{"rendered":"<!-- VideographyWP Plugin Message: Automatic video embedding prevented by plugin options. -->\n\n<p>En el d\u00eda de ayer se hizo viral el video de una c\u00e1mara de seguridad donde se puede apreciar el grave accidente de transito donde una camioneta impacto a una motocicleta y se da a la fuga.<\/p>\n\n\n\n<p>El veh\u00edculo Ford\u00a0impact\u00f3 contra la moto en la esquina de Simonino y Las Provincias y sigui\u00f3 su marcha a pesar de la violencia del impacto. El motociclista de 18 a\u00f1os sufri\u00f3 graves traumatismos.\u00a0\u00a0<\/p>\n\n\n\n<p>Un joven de 18 a\u00f1os identificado como Tom\u00e1s Ochoa Saucedo sufri\u00f3 graves lesiones luego de ser impactado por una camioneta Ford en la esquina de Simonino y Las Provincias.<\/p>\n\n\n\n<p>Lo particular del caso fue que la camioneta, a pesar de lo violento del incidente, continu\u00f3 su marcha y desapareci\u00f3 de la escena del accidente. Es por eso que se est\u00e1 tratando de identificar al rodado y su conductor que por lo advertido a trav\u00e9s del&nbsp;video de una c\u00e1mara de seguridad es un veh\u00edculo marca Ford oscuro.<\/p>\n\n\n\n<p>El impacto fue terrible y el joven vol\u00f3 varios metros de donde se produjo el impacto hasta dar contra la pared de una casa.<\/p>\n\n\n\n<p>Ochoa Saucedo sufri\u00f3 heridas de consideraci\u00f3n y se eval\u00faa su posible traslado a un centro de alta complejidad.<\/p>\n\n\n\n<p>Mientras tanto la Dra. Viviana Ramos orden\u00f3 a la polic\u00eda tratar de dar con el conductor de la camioneta.<\/p>\n\n\n\n<figure class=\"wp-block-image size-large\"><img decoding=\"async\" width=\"762\" height=\"312\" data-attachment-id=\"81746\" data-permalink=\"https:\/\/eldiariodesanpedro.com.ar\/sitio\/tratan-de-dar-con-el-paradero-de-una-camioneta-que-choco-y-huyo\/120842213_1804624509676038_8204409324999225036_n\/\" data-orig-file=\"https:\/\/eldiariodesanpedro.com.ar\/sitio\/wp-content\/uploads\/2020\/10\/120842213_1804624509676038_8204409324999225036_n.jpg\" data-orig-size=\"762,312\" data-comments-opened=\"1\" data-image-meta=\"{&quot;aperture&quot;:&quot;0&quot;,&quot;credit&quot;:&quot;&quot;,&quot;camera&quot;:&quot;&quot;,&quot;caption&quot;:&quot;&quot;,&quot;created_timestamp&quot;:&quot;0&quot;,&quot;copyright&quot;:&quot;&quot;,&quot;focal_length&quot;:&quot;0&quot;,&quot;iso&quot;:&quot;0&quot;,&quot;shutter_speed&quot;:&quot;0&quot;,&quot;title&quot;:&quot;&quot;,&quot;orientation&quot;:&quot;0&quot;}\" data-image-title=\"120842213_1804624509676038_8204409324999225036_n\" data-image-description=\"\" data-image-caption=\"\" data-large-file=\"https:\/\/eldiariodesanpedro.com.ar\/sitio\/wp-content\/uploads\/2020\/10\/120842213_1804624509676038_8204409324999225036_n.jpg\" data-src=\"https:\/\/eldiariodesanpedro.com.ar\/sitio\/wp-content\/uploads\/2020\/10\/120842213_1804624509676038_8204409324999225036_n.jpg\" alt=\"\" class=\"wp-image-81746 lazyload\" data-srcset=\"https:\/\/eldiariodesanpedro.com.ar\/sitio\/wp-content\/uploads\/2020\/10\/120842213_1804624509676038_8204409324999225036_n.jpg 762w, https:\/\/eldiariodesanpedro.com.ar\/sitio\/wp-content\/uploads\/2020\/10\/120842213_1804624509676038_8204409324999225036_n-300x123.jpg 300w\" data-sizes=\"(max-width: 762px) 100vw, 762px\" src=\"data:image\/svg+xml;base64,PHN2ZyB3aWR0aD0iMSIgaGVpZ2h0PSIxIiB4bWxucz0iaHR0cDovL3d3dy53My5vcmcvMjAwMC9zdmciPjwvc3ZnPg==\" style=\"--smush-placeholder-width: 762px; --smush-placeholder-aspect-ratio: 762\/312;\" \/><\/figure>\n\n\n\n<figure class=\"wp-block-image size-large\"><img decoding=\"async\" width=\"735\" height=\"316\" data-attachment-id=\"81748\" data-permalink=\"https:\/\/eldiariodesanpedro.com.ar\/sitio\/tratan-de-dar-con-el-paradero-de-una-camioneta-que-choco-y-huyo\/120895427_1804624656342690_3491619780025096038_n\/\" data-orig-file=\"https:\/\/eldiariodesanpedro.com.ar\/sitio\/wp-content\/uploads\/2020\/10\/120895427_1804624656342690_3491619780025096038_n.jpg\" data-orig-size=\"735,316\" data-comments-opened=\"1\" data-image-meta=\"{&quot;aperture&quot;:&quot;0&quot;,&quot;credit&quot;:&quot;&quot;,&quot;camera&quot;:&quot;&quot;,&quot;caption&quot;:&quot;&quot;,&quot;created_timestamp&quot;:&quot;0&quot;,&quot;copyright&quot;:&quot;&quot;,&quot;focal_length&quot;:&quot;0&quot;,&quot;iso&quot;:&quot;0&quot;,&quot;shutter_speed&quot;:&quot;0&quot;,&quot;title&quot;:&quot;&quot;,&quot;orientation&quot;:&quot;0&quot;}\" data-image-title=\"120895427_1804624656342690_3491619780025096038_n\" data-image-description=\"\" data-image-caption=\"\" data-large-file=\"https:\/\/eldiariodesanpedro.com.ar\/sitio\/wp-content\/uploads\/2020\/10\/120895427_1804624656342690_3491619780025096038_n.jpg\" data-src=\"https:\/\/eldiariodesanpedro.com.ar\/sitio\/wp-content\/uploads\/2020\/10\/120895427_1804624656342690_3491619780025096038_n.jpg\" alt=\"\" class=\"wp-image-81748 lazyload\" data-srcset=\"https:\/\/eldiariodesanpedro.com.ar\/sitio\/wp-content\/uploads\/2020\/10\/120895427_1804624656342690_3491619780025096038_n.jpg 735w, https:\/\/eldiariodesanpedro.com.ar\/sitio\/wp-content\/uploads\/2020\/10\/120895427_1804624656342690_3491619780025096038_n-300x129.jpg 300w\" data-sizes=\"(max-width: 735px) 100vw, 735px\" src=\"data:image\/svg+xml;base64,PHN2ZyB3aWR0aD0iMSIgaGVpZ2h0PSIxIiB4bWxucz0iaHR0cDovL3d3dy53My5vcmcvMjAwMC9zdmciPjwvc3ZnPg==\" style=\"--smush-placeholder-width: 735px; --smush-placeholder-aspect-ratio: 735\/316;\" \/><\/figure>\n\n\n\n<p>Fuente: <a href=\"https:\/\/www.sanpedroinforma.com.ar\/nota\/123709\/interes-general\/intentan-identificar-al-chofer-y-la-camioneta-que-choco-y-abandono-a-un-motociclista.html\">San Pedro Informa<\/a><\/p>\n","protected":false},"excerpt":{"rendered":"<p>En el d\u00eda de ayer se hizo viral el video de una c\u00e1mara de seguridad donde se puede apreciar el grave accidente de transito donde una camioneta impacto a una motocicleta y se da a la fuga. El veh\u00edculo Ford\u00a0impact\u00f3 contra la moto en la esquina de Simonino y Las Provincias y sigui\u00f3 su marcha [&hellip;]<\/p>\n","protected":false},"author":4,"featured_media":81747,"comment_status":"open","ping_status":"closed","sticky":false,"template":"","format":"standard","meta":{"om_disable_all_campaigns":false,"_jetpack_memberships_contains_paid_content":false,"footnotes":""},"categories":[50,2,103],"tags":[197,696,33],"class_list":["post-81744","post","type-post","status-publish","format-standard","has-post-thumbnail","hentry","category-destacadas","category-locales","category-policiales-locales","tag-buenos-aires","tag-interes-general","tag-locales"],"aioseo_notices":[],"gutentor_comment":0,"jetpack_featured_media_url":"https:\/\/eldiariodesanpedro.com.ar\/sitio\/wp-content\/uploads\/2020\/10\/120849857_1804624376342718_436012324874310661_n.jpg","jetpack_shortlink":"https:\/\/wp.me\/p6RhLt-lgs","jetpack_sharing_enabled":true,"_links":{"self":[{"href":"https:\/\/eldiariodesanpedro.com.ar\/sitio\/wp-json\/wp\/v2\/posts\/81744","targetHints":{"allow":["GET"]}}],"collection":[{"href":"https:\/\/eldiariodesanpedro.com.ar\/sitio\/wp-json\/wp\/v2\/posts"}],"about":[{"href":"https:\/\/eldiariodesanpedro.com.ar\/sitio\/wp-json\/wp\/v2\/types\/post"}],"author":[{"embeddable":true,"href":"https:\/\/eldiariodesanpedro.com.ar\/sitio\/wp-json\/wp\/v2\/users\/4"}],"replies":[{"embeddable":true,"href":"https:\/\/eldiariodesanpedro.com.ar\/sitio\/wp-json\/wp\/v2\/comments?post=81744"}],"version-history":[{"count":1,"href":"https:\/\/eldiariodesanpedro.com.ar\/sitio\/wp-json\/wp\/v2\/posts\/81744\/revisions"}],"predecessor-version":[{"id":81749,"href":"https:\/\/eldiariodesanpedro.com.ar\/sitio\/wp-json\/wp\/v2\/posts\/81744\/revisions\/81749"}],"wp:featuredmedia":[{"embeddable":true,"href":"https:\/\/eldiariodesanpedro.com.ar\/sitio\/wp-json\/wp\/v2\/media\/81747"}],"wp:attachment":[{"href":"https:\/\/eldiariodesanpedro.com.ar\/sitio\/wp-json\/wp\/v2\/media?parent=81744"}],"wp:term":[{"taxonomy":"category","embeddable":true,"href":"https:\/\/eldiariodesanpedro.com.ar\/sitio\/wp-json\/wp\/v2\/categories?post=81744"},{"taxonomy":"post_tag","embeddable":true,"href":"https:\/\/eldiariodesanpedro.com.ar\/sitio\/wp-json\/wp\/v2\/tags?post=81744"}],"curies":[{"name":"wp","href":"https:\/\/api.w.org\/{rel}","templated":true}]}}