{"id":81741,"date":"2020-10-05T10:37:23","date_gmt":"2020-10-05T13:37:23","guid":{"rendered":"https:\/\/eldiariodesanpedro.com.ar\/sitio\/?p=81741"},"modified":"2020-10-05T10:37:26","modified_gmt":"2020-10-05T13:37:26","slug":"paro-total-de-los-trabajadores-judiciales","status":"publish","type":"post","link":"https:\/\/eldiariodesanpedro.com.ar\/sitio\/paro-total-de-los-trabajadores-judiciales\/","title":{"rendered":"Paro total de los trabajadores judiciales"},"content":{"rendered":"<!-- VideographyWP Plugin Message: Automatic video embedding prevented by plugin options. -->\n\n<p>Ante la postergaci\u00f3n de la reuni\u00f3n paritaria prevista para el d\u00eda de viernes, la AJB dispuso un paro total\u00a0de actividades para el pr\u00f3ximo lunes 5 de octubre. La mesa salarial se reanudar\u00e1 el pr\u00f3ximo martes.<\/p>\n\n\n\n<p>El Ministerio de Trabajo notific\u00f3 a la Asociaci\u00f3n Judicial Bonaerense la postergaci\u00f3n de la reuni\u00f3n paritaria convocada para el d\u00eda de la fecha, fijando nueva fecha para el pr\u00f3ximo martes en horas del mediod\u00eda. La suspensi\u00f3n de la mesa salarial se produce en un contexto de m\u00e1xima incertidumbre por la demora en la actualizaci\u00f3n de los salarios de las y los trabajadores judiciales, y en una semana en la que el Ejecutivo provincial mantuvo reuniones y realiz\u00f3 propuestas salariales a los gremios de la administraci\u00f3n p\u00fablica y del sector docente.<\/p>\n\n\n\n<p>Tal como fuera anticipado luego de la ausencia de una propuesta de recomposici\u00f3n salarial en la reuni\u00f3n del viernes pasado, y en l\u00ednea con el mandato de las asambleas departamentales, la AJB resolvi\u00f3 decretar un paro total de actividades para el pr\u00f3ximo lunes 5 de octubre en todas las dependencias judiciales de la provincia.<\/p>\n\n\n\n<p>\u201cLlegamos a esta medida de fuerza por la falta de decisi\u00f3n del Ejecutivo provincial de abrir la negociaci\u00f3n para la recomposici\u00f3n de nuestros salarios. Desde el mes de mayo venimos reclamando una oferta salarial concreta que garantice que no sigamos perdiendo la carrera contra la inflaci\u00f3n, y esta nueva postergaci\u00f3n exige reforzar el reclamo construyendo un paro masivo de actividades para que el gobierno entienda que la situaci\u00f3n exige una respuesta urgente\u201d, se\u00f1al\u00f3 Pablo Abramovich, secretario General de la AJB.<\/p>\n\n\n\n<p>En funci\u00f3n de las modalidades de trabajo impuestas durante la pandemia, la medida de fuerza implica la no concurrencia a los lugares de trabajo para quienes est\u00e1n realizando tareas de manera presencial y apag\u00f3n inform\u00e1tico durante toda la jornada del lunes para quienes est\u00e1n realizando trabajo remoto.<\/p>\n\n\n\n<p>Cabe recordar que en el acuerdo salarial del primer trimestre el Ejecutivo se comprometi\u00f3 a retomar las negociaciones salariales a principios del mes de mayo. Pese a ello, reci\u00e9n convoc\u00f3 a una primera reuni\u00f3n el 31 de julio, en la que manifest\u00f3 no poder realizar ninguna oferta de aumento salarial. Igual resultado tuvo la reuni\u00f3n mantenida el pasado 25 de septiembre, que habilit\u00f3 el cuarto intermedio para el d\u00eda de hoy, luego suspendido.<br>&nbsp;<br>La AJB reclama que se garantice un aumento salarial superior o igual a la inflaci\u00f3n para 2020, avanzar en un proceso de recuperaci\u00f3n del poder adquisitivo perdido durante los a\u00f1os 2018 y 2019 y la liquidaci\u00f3n al 3% de los a\u00f1os de antig\u00fcedad que se pagan por debajo de ese porcentaje (1996-2005).<\/p>\n\n\n\n<p>Asimismo, la AJB plantea la necesidad de darle continuidad a las mesas t\u00e9cnicas para la sanci\u00f3n del proyecto de ley de negociaci\u00f3n colectiva para el Poder Judicial; el abordaje de la crisis de infraestructura edilicia; el nombramiento de personal, y la devoluci\u00f3n de los descuentos por los paros realizados en 2018 y 2019.<\/p>\n\n\n\n<p>Tambi\u00e9n el gremio judicial plante\u00f3 al gobierno la incorporaci\u00f3n a planta permanente de las y los trabajadores que actualmente realizan esa tarea contratados por las empresas tercerizadas de limpieza y la creaci\u00f3n de una partida extraordinaria para el Poder Judicial que permita financiar gastos en medidas de prevenci\u00f3n contra el COVID-19 (instalaci\u00f3n de barreras fijas de protecci\u00f3n en todos los espacios de atenci\u00f3n al p\u00fablico, soluci\u00f3n de los problemas en la provisi\u00f3n de equipamiento de protecci\u00f3n personal y en el servicio de limpieza).<\/p>\n","protected":false},"excerpt":{"rendered":"<p>Ante la postergaci\u00f3n de la reuni\u00f3n paritaria prevista para el d\u00eda de viernes, la AJB dispuso un paro total\u00a0de actividades para el pr\u00f3ximo lunes 5 de octubre. La mesa salarial se reanudar\u00e1 el pr\u00f3ximo martes. El Ministerio de Trabajo notific\u00f3 a la Asociaci\u00f3n Judicial Bonaerense la postergaci\u00f3n de la reuni\u00f3n paritaria convocada para el d\u00eda [&hellip;]<\/p>\n","protected":false},"author":4,"featured_media":81742,"comment_status":"open","ping_status":"closed","sticky":false,"template":"","format":"standard","meta":{"om_disable_all_campaigns":false,"_jetpack_memberships_contains_paid_content":false,"footnotes":""},"categories":[2],"tags":[],"class_list":["post-81741","post","type-post","status-publish","format-standard","has-post-thumbnail","hentry","category-locales"],"aioseo_notices":[],"gutentor_comment":0,"jetpack_featured_media_url":"https:\/\/eldiariodesanpedro.com.ar\/sitio\/wp-content\/uploads\/2020\/10\/000087388.jpg","jetpack_shortlink":"https:\/\/wp.me\/p6RhLt-lgp","jetpack_sharing_enabled":true,"_links":{"self":[{"href":"https:\/\/eldiariodesanpedro.com.ar\/sitio\/wp-json\/wp\/v2\/posts\/81741","targetHints":{"allow":["GET"]}}],"collection":[{"href":"https:\/\/eldiariodesanpedro.com.ar\/sitio\/wp-json\/wp\/v2\/posts"}],"about":[{"href":"https:\/\/eldiariodesanpedro.com.ar\/sitio\/wp-json\/wp\/v2\/types\/post"}],"author":[{"embeddable":true,"href":"https:\/\/eldiariodesanpedro.com.ar\/sitio\/wp-json\/wp\/v2\/users\/4"}],"replies":[{"embeddable":true,"href":"https:\/\/eldiariodesanpedro.com.ar\/sitio\/wp-json\/wp\/v2\/comments?post=81741"}],"version-history":[{"count":1,"href":"https:\/\/eldiariodesanpedro.com.ar\/sitio\/wp-json\/wp\/v2\/posts\/81741\/revisions"}],"predecessor-version":[{"id":81743,"href":"https:\/\/eldiariodesanpedro.com.ar\/sitio\/wp-json\/wp\/v2\/posts\/81741\/revisions\/81743"}],"wp:featuredmedia":[{"embeddable":true,"href":"https:\/\/eldiariodesanpedro.com.ar\/sitio\/wp-json\/wp\/v2\/media\/81742"}],"wp:attachment":[{"href":"https:\/\/eldiariodesanpedro.com.ar\/sitio\/wp-json\/wp\/v2\/media?parent=81741"}],"wp:term":[{"taxonomy":"category","embeddable":true,"href":"https:\/\/eldiariodesanpedro.com.ar\/sitio\/wp-json\/wp\/v2\/categories?post=81741"},{"taxonomy":"post_tag","embeddable":true,"href":"https:\/\/eldiariodesanpedro.com.ar\/sitio\/wp-json\/wp\/v2\/tags?post=81741"}],"curies":[{"name":"wp","href":"https:\/\/api.w.org\/{rel}","templated":true}]}}