{"id":81738,"date":"2020-10-05T10:35:58","date_gmt":"2020-10-05T13:35:58","guid":{"rendered":"https:\/\/eldiariodesanpedro.com.ar\/sitio\/?p=81738"},"modified":"2020-10-05T10:36:02","modified_gmt":"2020-10-05T13:36:02","slug":"imputaron-a-un-padre-que-le-festejo-el-cumpleanos-a-su-hijo","status":"publish","type":"post","link":"https:\/\/eldiariodesanpedro.com.ar\/sitio\/imputaron-a-un-padre-que-le-festejo-el-cumpleanos-a-su-hijo\/","title":{"rendered":"Imputaron a un padre que le festej\u00f3 el cumplea\u00f1os a su hijo"},"content":{"rendered":"<!-- VideographyWP Plugin Message: Automatic video embedding prevented by plugin options. -->\n\n<p>La polic\u00eda lleg\u00f3 al domicilio y se encontr\u00f3 con unas 30 personas donde la mayor\u00eda eran ni\u00f1os. El caso fue remitido al Juzgado Federal N\u00b0 2.\u00a0<\/p>\n\n\n\n<p>Lamentablemente en el peor momento de la pandemia y donde todo el partido de San Pedro lo est\u00e1 padeciendo, todav\u00eda hay vecinos que no se convencen que si no se es responsable la situaci\u00f3n va a ir empeorando.\u00a0<\/p>\n\n\n\n<p>La modalidad no es nueva porque todos los d\u00edas se van conociendo casos similares pero en Gdor. Castro se dio un hecho incre\u00edble al advertirse que una familia hab\u00eda decidido festejar el cumplea\u00f1os de uno de los ni\u00f1os de la familia e invitar a familiares y amiguitos.<\/p>\n\n\n\n<p>Al llegar la polic\u00eda al lugar se encontr\u00f3 con unas treinta personas que fueron invitadas a retirarse y de decidi\u00f3 infraccionar al due\u00f1o de casa, un hombre de 44 a\u00f1os a quien se le inici\u00f3 una causa por no cumplir con el DNU 291\/20 de aislamiento preventivo.\u00a0<\/p>\n\n\n\n<p>Fuente: <a href=\"https:\/\/www.sanpedroinforma.com.ar\/nota\/123708\/interes-general\/imputaron-a-un-padre-que-le-festejo-el-cumpleanos-a-su-hijo.html\">San Pedro Informa<\/a><\/p>\n","protected":false},"excerpt":{"rendered":"<p>La polic\u00eda lleg\u00f3 al domicilio y se encontr\u00f3 con unas 30 personas donde la mayor\u00eda eran ni\u00f1os. El caso fue remitido al Juzgado Federal N\u00b0 2.\u00a0 Lamentablemente en el peor momento de la pandemia y donde todo el partido de San Pedro lo est\u00e1 padeciendo, todav\u00eda hay vecinos que no se convencen que si no [&hellip;]<\/p>\n","protected":false},"author":4,"featured_media":81739,"comment_status":"open","ping_status":"closed","sticky":false,"template":"","format":"standard","meta":{"om_disable_all_campaigns":false,"_jetpack_memberships_contains_paid_content":false,"footnotes":""},"categories":[101,2],"tags":[],"class_list":["post-81738","post","type-post","status-publish","format-standard","has-post-thumbnail","hentry","category-interes-general-locales","category-locales"],"aioseo_notices":[],"gutentor_comment":0,"jetpack_featured_media_url":"https:\/\/eldiariodesanpedro.com.ar\/sitio\/wp-content\/uploads\/2020\/10\/000087396.jpg","jetpack_shortlink":"https:\/\/wp.me\/p6RhLt-lgm","jetpack_sharing_enabled":true,"_links":{"self":[{"href":"https:\/\/eldiariodesanpedro.com.ar\/sitio\/wp-json\/wp\/v2\/posts\/81738","targetHints":{"allow":["GET"]}}],"collection":[{"href":"https:\/\/eldiariodesanpedro.com.ar\/sitio\/wp-json\/wp\/v2\/posts"}],"about":[{"href":"https:\/\/eldiariodesanpedro.com.ar\/sitio\/wp-json\/wp\/v2\/types\/post"}],"author":[{"embeddable":true,"href":"https:\/\/eldiariodesanpedro.com.ar\/sitio\/wp-json\/wp\/v2\/users\/4"}],"replies":[{"embeddable":true,"href":"https:\/\/eldiariodesanpedro.com.ar\/sitio\/wp-json\/wp\/v2\/comments?post=81738"}],"version-history":[{"count":1,"href":"https:\/\/eldiariodesanpedro.com.ar\/sitio\/wp-json\/wp\/v2\/posts\/81738\/revisions"}],"predecessor-version":[{"id":81740,"href":"https:\/\/eldiariodesanpedro.com.ar\/sitio\/wp-json\/wp\/v2\/posts\/81738\/revisions\/81740"}],"wp:featuredmedia":[{"embeddable":true,"href":"https:\/\/eldiariodesanpedro.com.ar\/sitio\/wp-json\/wp\/v2\/media\/81739"}],"wp:attachment":[{"href":"https:\/\/eldiariodesanpedro.com.ar\/sitio\/wp-json\/wp\/v2\/media?parent=81738"}],"wp:term":[{"taxonomy":"category","embeddable":true,"href":"https:\/\/eldiariodesanpedro.com.ar\/sitio\/wp-json\/wp\/v2\/categories?post=81738"},{"taxonomy":"post_tag","embeddable":true,"href":"https:\/\/eldiariodesanpedro.com.ar\/sitio\/wp-json\/wp\/v2\/tags?post=81738"}],"curies":[{"name":"wp","href":"https:\/\/api.w.org\/{rel}","templated":true}]}}