{"id":81735,"date":"2020-10-05T10:16:25","date_gmt":"2020-10-05T13:16:25","guid":{"rendered":"https:\/\/eldiariodesanpedro.com.ar\/sitio\/?p=81735"},"modified":"2020-10-05T20:06:16","modified_gmt":"2020-10-05T23:06:16","slug":"nina-de-8-anos-gravemente-herida-por-una-patada-de-un-caballo","status":"publish","type":"post","link":"https:\/\/eldiariodesanpedro.com.ar\/sitio\/nina-de-8-anos-gravemente-herida-por-una-patada-de-un-caballo\/","title":{"rendered":"Ni\u00f1o de 8 a\u00f1os gravemente herida por una patada de un caballo"},"content":{"rendered":"<!-- VideographyWP Plugin Message: Automatic video embedding prevented by plugin options. -->\n\n<p>Este lunes en las primeras horas de la ma\u00f1ana ocurri\u00f3 un accidente donde un ni\u00f1o de 8 a\u00f1os sufri\u00f3 graves lesiones en su cabeza.<\/p>\n\n\n\n<p>Alrededor de las 8 hs de este lunes en el barrio Bajo Cementerio en cercan\u00edas del poste 5 un ni\u00f1a de tan solo 8 a\u00f1os que se encontraba jugando fue golpeada por una patada de un caballo en su cabeza.<\/p>\n\n\n\n<p>En el lugar se hizo presente una ambulancia del SAME para trasladar a la ni\u00f1a que se encontraba inconsciente.<\/p>\n\n\n\n<p>En el nosocomio local se pudo determinar que sufri\u00f3 fractura de cr\u00e1neo, un grave corte en en su rostro, posible fractura maxilar y perdida de conocimiento.<\/p>\n\n\n\n<p>En este momento se encuentran en terapia intensiva con un cuadro muy delicado.<\/p>\n","protected":false},"excerpt":{"rendered":"<p>Este lunes en las primeras horas de la ma\u00f1ana ocurri\u00f3 un accidente donde un ni\u00f1o de 8 a\u00f1os sufri\u00f3 graves lesiones en su cabeza. Alrededor de las 8 hs de este lunes en el barrio Bajo Cementerio en cercan\u00edas del poste 5 un ni\u00f1a de tan solo 8 a\u00f1os que se encontraba jugando fue golpeada [&hellip;]<\/p>\n","protected":false},"author":4,"featured_media":81736,"comment_status":"open","ping_status":"closed","sticky":false,"template":"","format":"standard","meta":{"om_disable_all_campaigns":false,"_jetpack_memberships_contains_paid_content":false,"footnotes":""},"categories":[50,2,103],"tags":[197,33,95],"class_list":["post-81735","post","type-post","status-publish","format-standard","has-post-thumbnail","hentry","category-destacadas","category-locales","category-policiales-locales","tag-buenos-aires","tag-locales","tag-policiales"],"aioseo_notices":[],"gutentor_comment":0,"jetpack_featured_media_url":"https:\/\/eldiariodesanpedro.com.ar\/sitio\/wp-content\/uploads\/2020\/10\/WhatsApp-Image-2020-10-05-at-09.41.41.jpeg","jetpack_shortlink":"https:\/\/wp.me\/p6RhLt-lgj","jetpack_sharing_enabled":true,"_links":{"self":[{"href":"https:\/\/eldiariodesanpedro.com.ar\/sitio\/wp-json\/wp\/v2\/posts\/81735","targetHints":{"allow":["GET"]}}],"collection":[{"href":"https:\/\/eldiariodesanpedro.com.ar\/sitio\/wp-json\/wp\/v2\/posts"}],"about":[{"href":"https:\/\/eldiariodesanpedro.com.ar\/sitio\/wp-json\/wp\/v2\/types\/post"}],"author":[{"embeddable":true,"href":"https:\/\/eldiariodesanpedro.com.ar\/sitio\/wp-json\/wp\/v2\/users\/4"}],"replies":[{"embeddable":true,"href":"https:\/\/eldiariodesanpedro.com.ar\/sitio\/wp-json\/wp\/v2\/comments?post=81735"}],"version-history":[{"count":2,"href":"https:\/\/eldiariodesanpedro.com.ar\/sitio\/wp-json\/wp\/v2\/posts\/81735\/revisions"}],"predecessor-version":[{"id":81807,"href":"https:\/\/eldiariodesanpedro.com.ar\/sitio\/wp-json\/wp\/v2\/posts\/81735\/revisions\/81807"}],"wp:featuredmedia":[{"embeddable":true,"href":"https:\/\/eldiariodesanpedro.com.ar\/sitio\/wp-json\/wp\/v2\/media\/81736"}],"wp:attachment":[{"href":"https:\/\/eldiariodesanpedro.com.ar\/sitio\/wp-json\/wp\/v2\/media?parent=81735"}],"wp:term":[{"taxonomy":"category","embeddable":true,"href":"https:\/\/eldiariodesanpedro.com.ar\/sitio\/wp-json\/wp\/v2\/categories?post=81735"},{"taxonomy":"post_tag","embeddable":true,"href":"https:\/\/eldiariodesanpedro.com.ar\/sitio\/wp-json\/wp\/v2\/tags?post=81735"}],"curies":[{"name":"wp","href":"https:\/\/api.w.org\/{rel}","templated":true}]}}