{"id":81732,"date":"2020-10-05T09:56:52","date_gmt":"2020-10-05T12:56:52","guid":{"rendered":"https:\/\/eldiariodesanpedro.com.ar\/sitio\/?p=81732"},"modified":"2020-10-05T09:56:55","modified_gmt":"2020-10-05T12:56:55","slug":"la-camara-de-turismo-de-san-pedro-realiza-una-aclaracion-por-una-entrevista-en-a24","status":"publish","type":"post","link":"https:\/\/eldiariodesanpedro.com.ar\/sitio\/la-camara-de-turismo-de-san-pedro-realiza-una-aclaracion-por-una-entrevista-en-a24\/","title":{"rendered":"La C\u00e1mara de Turismo de San Pedro realiza una aclaraci\u00f3n por una entrevista en A24"},"content":{"rendered":"<!-- VideographyWP Plugin Message: Automatic video embedding prevented by plugin options. -->\n\n<p>Ante la aparici\u00f3n en una entrevista televisiva el s\u00e1bado 3\/10, en la se\u00f1al de cable A24, de una persona que se identific\u00f3 como presidente de la C\u00e1mara de Turismo de San Pedro, el Centro de Comercio Industria y Turismo, informa que no se trata de una representaci\u00f3n que corresponda al grupo relacionado con la actividad que funciona dentro de la entidad.<\/p>\n\n\n\n<p>La C\u00e1mara de Turismo de San Pedro est\u00e1 presidida por el Sr. Gonzalo Castagnola y se encuentra trabajando mancomunadamente con la Direcci\u00f3n de Turismo, a los efectos de planificar el regreso de la actividad en el Partido de San Pedro, cuando las condiciones generales vuelvan a permitirlo.<\/p>\n\n\n\n<p>Lamentamos la confusi\u00f3n y ante cualquier duda o consulta, invitamos a prestadores, medios de comunicaci\u00f3n o interesados en general a dirigirse a nuestra entidad.<\/p>\n","protected":false},"excerpt":{"rendered":"<p>Ante la aparici\u00f3n en una entrevista televisiva el s\u00e1bado 3\/10, en la se\u00f1al de cable A24, de una persona que se identific\u00f3 como presidente de la C\u00e1mara de Turismo de San Pedro, el Centro de Comercio Industria y Turismo, informa que no se trata de una representaci\u00f3n que corresponda al grupo relacionado con la actividad [&hellip;]<\/p>\n","protected":false},"author":4,"featured_media":81733,"comment_status":"open","ping_status":"closed","sticky":false,"template":"","format":"standard","meta":{"om_disable_all_campaigns":false,"_jetpack_memberships_contains_paid_content":false,"footnotes":""},"categories":[101,2],"tags":[],"class_list":["post-81732","post","type-post","status-publish","format-standard","has-post-thumbnail","hentry","category-interes-general-locales","category-locales"],"aioseo_notices":[],"gutentor_comment":0,"jetpack_featured_media_url":"https:\/\/eldiariodesanpedro.com.ar\/sitio\/wp-content\/uploads\/2020\/10\/Nota-Rivas-A24.png","jetpack_shortlink":"https:\/\/wp.me\/p6RhLt-lgg","jetpack_sharing_enabled":true,"_links":{"self":[{"href":"https:\/\/eldiariodesanpedro.com.ar\/sitio\/wp-json\/wp\/v2\/posts\/81732","targetHints":{"allow":["GET"]}}],"collection":[{"href":"https:\/\/eldiariodesanpedro.com.ar\/sitio\/wp-json\/wp\/v2\/posts"}],"about":[{"href":"https:\/\/eldiariodesanpedro.com.ar\/sitio\/wp-json\/wp\/v2\/types\/post"}],"author":[{"embeddable":true,"href":"https:\/\/eldiariodesanpedro.com.ar\/sitio\/wp-json\/wp\/v2\/users\/4"}],"replies":[{"embeddable":true,"href":"https:\/\/eldiariodesanpedro.com.ar\/sitio\/wp-json\/wp\/v2\/comments?post=81732"}],"version-history":[{"count":1,"href":"https:\/\/eldiariodesanpedro.com.ar\/sitio\/wp-json\/wp\/v2\/posts\/81732\/revisions"}],"predecessor-version":[{"id":81734,"href":"https:\/\/eldiariodesanpedro.com.ar\/sitio\/wp-json\/wp\/v2\/posts\/81732\/revisions\/81734"}],"wp:featuredmedia":[{"embeddable":true,"href":"https:\/\/eldiariodesanpedro.com.ar\/sitio\/wp-json\/wp\/v2\/media\/81733"}],"wp:attachment":[{"href":"https:\/\/eldiariodesanpedro.com.ar\/sitio\/wp-json\/wp\/v2\/media?parent=81732"}],"wp:term":[{"taxonomy":"category","embeddable":true,"href":"https:\/\/eldiariodesanpedro.com.ar\/sitio\/wp-json\/wp\/v2\/categories?post=81732"},{"taxonomy":"post_tag","embeddable":true,"href":"https:\/\/eldiariodesanpedro.com.ar\/sitio\/wp-json\/wp\/v2\/tags?post=81732"}],"curies":[{"name":"wp","href":"https:\/\/api.w.org\/{rel}","templated":true}]}}