{"id":81722,"date":"2020-10-02T18:40:12","date_gmt":"2020-10-02T21:40:12","guid":{"rendered":"https:\/\/eldiariodesanpedro.com.ar\/sitio\/?p=81722"},"modified":"2020-10-02T18:40:16","modified_gmt":"2020-10-02T21:40:16","slug":"arrecifes-mas-de-cien-casos-en-dos-dias-hospital-colapsado-y-la-municipalidad-decidio-dejar-de-informar-los-casos","status":"publish","type":"post","link":"https:\/\/eldiariodesanpedro.com.ar\/sitio\/arrecifes-mas-de-cien-casos-en-dos-dias-hospital-colapsado-y-la-municipalidad-decidio-dejar-de-informar-los-casos\/","title":{"rendered":"ARRECIFES | Mas de cien casos en dos d\u00edas, hospital colapsado y la municipalidad decidi\u00f3 dejar de informar los casos"},"content":{"rendered":"<!-- VideographyWP Plugin Message: Automatic video embedding prevented by plugin options. -->\n\n<p>Reporte de casos solo por hisopado al mi\u00e9rcoles 01.10.2020 a las 18:00 (Ministerio Salud)<\/p>\n\n\n\n<p>La actualidad epidemiol\u00f3gica en Arrecifes es grave, decididamente cr\u00edtica. Lamentablemente se ve\u00eda venir: lo anticipaban m\u00e9dicos, los n\u00fameros y tendencias que publicamos d\u00eda a d\u00eda y el descontrol que se ve\u00eda en las calles, espacios p\u00fablicos y tambi\u00e9n privados.<\/p>\n\n\n\n<p>Desde el Municipio se trat\u00f3 de \u201csuavizarla informativamente\u201d hasta que ya no se pudo m\u00e1s. El coronavirus gan\u00f3 todos los rincones de nuestra ciudad y la situaci\u00f3n literalmente se descontrol\u00f3. Por ello se decidi\u00f3 dejar de informar a la poblaci\u00f3n.<\/p>\n\n\n\n<p>En los \u00faltimos dos d\u00edas se conocieron al menos 100 nuevos casos positivos de Covid-19 en Arrecifes. \u00bfC\u00f3mo llegamos a este n\u00famero? El martes se registraron 33 confirmados por laboratorio (hisopados) y el mi\u00e9rcoles hasta las 18:00 otros 26, seg\u00fan el Ministerio de Salud de la Provincia de Buenos Aires. En tanto, por criterio cl\u00ednico-epidemiol\u00f3gico el martes sumaban 37 (seg\u00fan una fuente que trabaja en el equipo de Covid local) y el mi\u00e9rcoles ya se hab\u00eda perdido la cuenta.<\/p>\n\n\n\n<p>Se estiman en casi 600 los casos totales desde el inicio de la pandemia y en m\u00e1s de 200 los casos activos. Y decimos que \u201cse estima\u201d porque ya no hay informaci\u00f3n, tampoco de los pacientes que recibieron el alta, adem\u00e1s de conocer vecinos que tienen s\u00edntomas y directamente no los reportan a las autoridades de salud: se a\u00edslan solos.<\/p>\n\n\n\n<p><strong>HOSPITAL SATURADO<\/strong><\/p>\n\n\n\n<p>La imagen del Hospital Municipal desde este martes es muy triste: con muchos pacientes con coronavirus ingresando durante las dos jornadas y algunos recibiendo el alta. Como se\u00f1alamos en nota anterior, la Unidad de Terapia Intensiva destinada a Covid ya sin camas disponibles y el segundo sector habilitado para estos casos, tambi\u00e9n cerca de llenarse. Hay un tercero dispuesto para la emergencia.<\/p>\n\n\n\n<p>Lo que falta es personal: m\u00e9dicos, laboratoristas, t\u00e9cnicos, enfermeras, mucamas ya no dan abasto. Incluso hay personal de salud contagiado e internado.<\/p>\n\n\n\n<p>Se aguarda una palabra oficial que, de una vez por todas, le cuente a los arrecife\u00f1os la realidad.<\/p>\n\n\n\n<p><\/p>\n","protected":false},"excerpt":{"rendered":"<p>Reporte de casos solo por hisopado al mi\u00e9rcoles 01.10.2020 a las 18:00 (Ministerio Salud) La actualidad epidemiol\u00f3gica en Arrecifes es grave, decididamente cr\u00edtica. Lamentablemente se ve\u00eda venir: lo anticipaban m\u00e9dicos, los n\u00fameros y tendencias que publicamos d\u00eda a d\u00eda y el descontrol que se ve\u00eda en las calles, espacios p\u00fablicos y tambi\u00e9n privados. Desde el [&hellip;]<\/p>\n","protected":false},"author":4,"featured_media":81723,"comment_status":"open","ping_status":"closed","sticky":false,"template":"","format":"standard","meta":{"om_disable_all_campaigns":false,"_jetpack_memberships_contains_paid_content":false,"footnotes":""},"categories":[621],"tags":[640,197,681],"class_list":["post-81722","post","type-post","status-publish","format-standard","has-post-thumbnail","hentry","category-regionales","tag-arrecifes","tag-buenos-aires","tag-regionales"],"aioseo_notices":[],"gutentor_comment":0,"jetpack_featured_media_url":"https:\/\/eldiariodesanpedro.com.ar\/sitio\/wp-content\/uploads\/2020\/10\/Coronavirus-011020-778x510-1.jpg","jetpack_shortlink":"https:\/\/wp.me\/p6RhLt-lg6","jetpack_sharing_enabled":true,"_links":{"self":[{"href":"https:\/\/eldiariodesanpedro.com.ar\/sitio\/wp-json\/wp\/v2\/posts\/81722","targetHints":{"allow":["GET"]}}],"collection":[{"href":"https:\/\/eldiariodesanpedro.com.ar\/sitio\/wp-json\/wp\/v2\/posts"}],"about":[{"href":"https:\/\/eldiariodesanpedro.com.ar\/sitio\/wp-json\/wp\/v2\/types\/post"}],"author":[{"embeddable":true,"href":"https:\/\/eldiariodesanpedro.com.ar\/sitio\/wp-json\/wp\/v2\/users\/4"}],"replies":[{"embeddable":true,"href":"https:\/\/eldiariodesanpedro.com.ar\/sitio\/wp-json\/wp\/v2\/comments?post=81722"}],"version-history":[{"count":1,"href":"https:\/\/eldiariodesanpedro.com.ar\/sitio\/wp-json\/wp\/v2\/posts\/81722\/revisions"}],"predecessor-version":[{"id":81724,"href":"https:\/\/eldiariodesanpedro.com.ar\/sitio\/wp-json\/wp\/v2\/posts\/81722\/revisions\/81724"}],"wp:featuredmedia":[{"embeddable":true,"href":"https:\/\/eldiariodesanpedro.com.ar\/sitio\/wp-json\/wp\/v2\/media\/81723"}],"wp:attachment":[{"href":"https:\/\/eldiariodesanpedro.com.ar\/sitio\/wp-json\/wp\/v2\/media?parent=81722"}],"wp:term":[{"taxonomy":"category","embeddable":true,"href":"https:\/\/eldiariodesanpedro.com.ar\/sitio\/wp-json\/wp\/v2\/categories?post=81722"},{"taxonomy":"post_tag","embeddable":true,"href":"https:\/\/eldiariodesanpedro.com.ar\/sitio\/wp-json\/wp\/v2\/tags?post=81722"}],"curies":[{"name":"wp","href":"https:\/\/api.w.org\/{rel}","templated":true}]}}