{"id":81719,"date":"2020-10-02T18:28:44","date_gmt":"2020-10-02T21:28:44","guid":{"rendered":"https:\/\/eldiariodesanpedro.com.ar\/sitio\/?p=81719"},"modified":"2020-10-02T18:28:47","modified_gmt":"2020-10-02T21:28:47","slug":"la-joven-lara-gilli-recuperada-de-covid-fue-hisopada-de-nuevo-por-presentar-sintomas-otra-vez","status":"publish","type":"post","link":"https:\/\/eldiariodesanpedro.com.ar\/sitio\/la-joven-lara-gilli-recuperada-de-covid-fue-hisopada-de-nuevo-por-presentar-sintomas-otra-vez\/","title":{"rendered":"La joven Lara Gilli recuperada de covid fue hisopada de nuevo por presentar s\u00edntomas otra vez"},"content":{"rendered":"<!-- VideographyWP Plugin Message: Automatic video embedding prevented by plugin options. -->\n\n<p>EN la jornada de hoy se realizo el hisopado a la paciente Lara gilli quien ya habr\u00eda transcurrido la enfermedad anteriormente a finales de  junio.<\/p>\n\n\n\n<p>Seg\u00fan informaron desde la secretaria de salud la joven de 25 a\u00f1os de edad nuevamente fue hisopada y aislada por presentar s\u00edntomas compatibles con la enfermedad y ella asegur\u00f3 que presenta s\u00edntomas aun fuertes que la anterior.<\/p>\n\n\n\n<p>En el caso de dar nuevamente positiva esto podr\u00eda llegar a revelar que la enfermedad puede volver a contagiar a quien ya lo habr\u00eda tenido como si fuese una gripe com\u00fan, lo que hace creer que esta pandemia esta lejos de termncar.<\/p>\n\n\n\n<p>El d\u00eda de ayer se conoci\u00f3 el caso del Dr. Juan Pablo Mariscotti de 42 a\u00f1os residente de Z\u00e1rate que fue uno de los primeros casos positivos en San Pedro volvi\u00f3 a contraer la enfermedad hace un par de semanas atr\u00e1s y ya fue dado de alta de nuevo.<\/p>\n","protected":false},"excerpt":{"rendered":"<p>EN la jornada de hoy se realizo el hisopado a la paciente Lara gilli quien ya habr\u00eda transcurrido la enfermedad anteriormente a finales de junio. Seg\u00fan informaron desde la secretaria de salud la joven de 25 a\u00f1os de edad nuevamente fue hisopada y aislada por presentar s\u00edntomas compatibles con la enfermedad y ella asegur\u00f3 que [&hellip;]<\/p>\n","protected":false},"author":4,"featured_media":81720,"comment_status":"open","ping_status":"closed","sticky":false,"template":"","format":"standard","meta":{"om_disable_all_campaigns":false,"_jetpack_memberships_contains_paid_content":false,"footnotes":""},"categories":[50,101,2],"tags":[],"class_list":["post-81719","post","type-post","status-publish","format-standard","has-post-thumbnail","hentry","category-destacadas","category-interes-general-locales","category-locales"],"aioseo_notices":[],"gutentor_comment":0,"jetpack_featured_media_url":"https:\/\/eldiariodesanpedro.com.ar\/sitio\/wp-content\/uploads\/2020\/10\/117530093_921164741737656_4233656890002258748_o.jpg","jetpack_shortlink":"https:\/\/wp.me\/p6RhLt-lg3","jetpack_sharing_enabled":true,"_links":{"self":[{"href":"https:\/\/eldiariodesanpedro.com.ar\/sitio\/wp-json\/wp\/v2\/posts\/81719","targetHints":{"allow":["GET"]}}],"collection":[{"href":"https:\/\/eldiariodesanpedro.com.ar\/sitio\/wp-json\/wp\/v2\/posts"}],"about":[{"href":"https:\/\/eldiariodesanpedro.com.ar\/sitio\/wp-json\/wp\/v2\/types\/post"}],"author":[{"embeddable":true,"href":"https:\/\/eldiariodesanpedro.com.ar\/sitio\/wp-json\/wp\/v2\/users\/4"}],"replies":[{"embeddable":true,"href":"https:\/\/eldiariodesanpedro.com.ar\/sitio\/wp-json\/wp\/v2\/comments?post=81719"}],"version-history":[{"count":1,"href":"https:\/\/eldiariodesanpedro.com.ar\/sitio\/wp-json\/wp\/v2\/posts\/81719\/revisions"}],"predecessor-version":[{"id":81721,"href":"https:\/\/eldiariodesanpedro.com.ar\/sitio\/wp-json\/wp\/v2\/posts\/81719\/revisions\/81721"}],"wp:featuredmedia":[{"embeddable":true,"href":"https:\/\/eldiariodesanpedro.com.ar\/sitio\/wp-json\/wp\/v2\/media\/81720"}],"wp:attachment":[{"href":"https:\/\/eldiariodesanpedro.com.ar\/sitio\/wp-json\/wp\/v2\/media?parent=81719"}],"wp:term":[{"taxonomy":"category","embeddable":true,"href":"https:\/\/eldiariodesanpedro.com.ar\/sitio\/wp-json\/wp\/v2\/categories?post=81719"},{"taxonomy":"post_tag","embeddable":true,"href":"https:\/\/eldiariodesanpedro.com.ar\/sitio\/wp-json\/wp\/v2\/tags?post=81719"}],"curies":[{"name":"wp","href":"https:\/\/api.w.org\/{rel}","templated":true}]}}