{"id":81716,"date":"2020-10-02T14:41:37","date_gmt":"2020-10-02T17:41:37","guid":{"rendered":"https:\/\/eldiariodesanpedro.com.ar\/sitio\/?p=81716"},"modified":"2020-10-02T16:38:49","modified_gmt":"2020-10-02T19:38:49","slug":"fallecio-hector-gesari-de-74-anos-de-coronavirus-por-coronavirus","status":"publish","type":"post","link":"https:\/\/eldiariodesanpedro.com.ar\/sitio\/fallecio-hector-gesari-de-74-anos-de-coronavirus-por-coronavirus\/","title":{"rendered":"Falleci\u00f3 Hector Gesari de 74 a\u00f1os de coronavirus por coronavirus"},"content":{"rendered":"<!-- VideographyWP Plugin Message: Automatic video embedding prevented by plugin options. -->\n\n<p>La Secretar\u00eda de Salud de la Municipalidad de San Pedro lamenta informar el fallecimiento del Sr. H\u00e9ctor Gesari, de 74 a\u00f1os, que se encontraba internado en cl\u00ednica privada por un caso positivo de Covid-19.<\/p>\n\n\n\n<p>Con profundo dolor comunicamos su deceso que constituye el n\u00famero 35 desde el inicio de la Pandemia en el Partido de San Pedro, y hacemos llegar nuestras condolencias a sus familiares y amigos.<\/p>\n","protected":false},"excerpt":{"rendered":"<p>La Secretar\u00eda de Salud de la Municipalidad de San Pedro lamenta informar el fallecimiento del Sr. H\u00e9ctor Gesari, de 74 a\u00f1os, que se encontraba internado en cl\u00ednica privada por un caso positivo de Covid-19. Con profundo dolor comunicamos su deceso que constituye el n\u00famero 35 desde el inicio de la Pandemia en el Partido de [&hellip;]<\/p>\n","protected":false},"author":4,"featured_media":80304,"comment_status":"open","ping_status":"closed","sticky":false,"template":"","format":"standard","meta":{"om_disable_all_campaigns":false,"_jetpack_memberships_contains_paid_content":false,"footnotes":""},"categories":[50,101,2],"tags":[197,696,33],"class_list":["post-81716","post","type-post","status-publish","format-standard","has-post-thumbnail","hentry","category-destacadas","category-interes-general-locales","category-locales","tag-buenos-aires","tag-interes-general","tag-locales"],"aioseo_notices":[],"gutentor_comment":0,"jetpack_featured_media_url":"https:\/\/eldiariodesanpedro.com.ar\/sitio\/wp-content\/uploads\/2020\/08\/CORONAVIRUS-222.jpg","jetpack_shortlink":"https:\/\/wp.me\/p6RhLt-lg0","jetpack_sharing_enabled":true,"_links":{"self":[{"href":"https:\/\/eldiariodesanpedro.com.ar\/sitio\/wp-json\/wp\/v2\/posts\/81716","targetHints":{"allow":["GET"]}}],"collection":[{"href":"https:\/\/eldiariodesanpedro.com.ar\/sitio\/wp-json\/wp\/v2\/posts"}],"about":[{"href":"https:\/\/eldiariodesanpedro.com.ar\/sitio\/wp-json\/wp\/v2\/types\/post"}],"author":[{"embeddable":true,"href":"https:\/\/eldiariodesanpedro.com.ar\/sitio\/wp-json\/wp\/v2\/users\/4"}],"replies":[{"embeddable":true,"href":"https:\/\/eldiariodesanpedro.com.ar\/sitio\/wp-json\/wp\/v2\/comments?post=81716"}],"version-history":[{"count":2,"href":"https:\/\/eldiariodesanpedro.com.ar\/sitio\/wp-json\/wp\/v2\/posts\/81716\/revisions"}],"predecessor-version":[{"id":81718,"href":"https:\/\/eldiariodesanpedro.com.ar\/sitio\/wp-json\/wp\/v2\/posts\/81716\/revisions\/81718"}],"wp:featuredmedia":[{"embeddable":true,"href":"https:\/\/eldiariodesanpedro.com.ar\/sitio\/wp-json\/wp\/v2\/media\/80304"}],"wp:attachment":[{"href":"https:\/\/eldiariodesanpedro.com.ar\/sitio\/wp-json\/wp\/v2\/media?parent=81716"}],"wp:term":[{"taxonomy":"category","embeddable":true,"href":"https:\/\/eldiariodesanpedro.com.ar\/sitio\/wp-json\/wp\/v2\/categories?post=81716"},{"taxonomy":"post_tag","embeddable":true,"href":"https:\/\/eldiariodesanpedro.com.ar\/sitio\/wp-json\/wp\/v2\/tags?post=81716"}],"curies":[{"name":"wp","href":"https:\/\/api.w.org\/{rel}","templated":true}]}}