{"id":81713,"date":"2020-10-02T13:33:45","date_gmt":"2020-10-02T16:33:45","guid":{"rendered":"https:\/\/eldiariodesanpedro.com.ar\/sitio\/?p=81713"},"modified":"2020-10-02T13:33:46","modified_gmt":"2020-10-02T16:33:46","slug":"la-ucr-postergo-sus-elecciones-internas-para-el-proximo-ano","status":"publish","type":"post","link":"https:\/\/eldiariodesanpedro.com.ar\/sitio\/la-ucr-postergo-sus-elecciones-internas-para-el-proximo-ano\/","title":{"rendered":"La UCR postergo sus elecciones internas para el pr\u00f3ximo a\u00f1o"},"content":{"rendered":"<!-- VideographyWP Plugin Message: Automatic video embedding prevented by plugin options. -->\n\n<p>La UCR finalmente posterg\u00f3 sus elecciones internas de autoridades en la provincia de Buenos Aires para el mes de marzo del a\u00f1o pr\u00f3ximo.<\/p>\n\n\n\n<p>El\u00a0Comit\u00e9 Provincia de la Uni\u00f3n C\u00edvica Radical (UCR)\u00a0defini\u00f3 la postergaci\u00f3n de las\u00a0elecciones\u00a0internas\u00a0bonaerenses convocadas originalmente para el 11 de octubre. De esta manera, se impuso la propuesta de Evoluci\u00f3n Radical, sector que a nivel nacional lidera\u00a0Mart\u00edn Lousteau\u00a0y que hace meses reclama la suspensi\u00f3n.<\/p>\n\n\n\n<p>A trav\u00e9s de un plenario virtual,&nbsp;la junta del partido centenario resolvi\u00f3 por unanimidad establecer como nueva fecha el 21 de marzo de 2021 para la&nbsp;renovaci\u00f3n de&nbsp;autoridades, que estar\u00e1 sujeta a que \u201cla situaci\u00f3n sanitaria de la Provincia de Buenos Aires permita realizar el acto eleccionario\u201d.<\/p>\n\n\n\n<p>La resoluci\u00f3n, que consta de 7 art\u00edculos, dispone que s\u00f3lo estar\u00e1n habilitadas para competir en la elecci\u00f3n las listas presentadas en tiempo y forma el 11 de septiembre de 2020. Adem\u00e1s,&nbsp;crea una \u00abmesa de di\u00e1logo y de acci\u00f3n pol\u00edtica equilibrada\u00bb entre los dos espacios que se disputan la conducci\u00f3n del radicalismo bonaerense: el oficialismo, que postula al&nbsp;diputado Maximiliano Abad&nbsp;como sucesor de&nbsp;Daniel Salvador; y la alianza que impulsa la candidatura de&nbsp;Gustavo Posse, intendente de San Isidro, con Evoluci\u00f3n Radical, espacio del senador Mart\u00edn Lousteau.<\/p>\n\n\n\n<p>Fuente: Infocielo<\/p>\n","protected":false},"excerpt":{"rendered":"<p>La UCR finalmente posterg\u00f3 sus elecciones internas de autoridades en la provincia de Buenos Aires para el mes de marzo del a\u00f1o pr\u00f3ximo. El\u00a0Comit\u00e9 Provincia de la Uni\u00f3n C\u00edvica Radical (UCR)\u00a0defini\u00f3 la postergaci\u00f3n de las\u00a0elecciones\u00a0internas\u00a0bonaerenses convocadas originalmente para el 11 de octubre. De esta manera, se impuso la propuesta de Evoluci\u00f3n Radical, sector que a [&hellip;]<\/p>\n","protected":false},"author":4,"featured_media":81714,"comment_status":"open","ping_status":"closed","sticky":false,"template":"","format":"standard","meta":{"om_disable_all_campaigns":false,"_jetpack_memberships_contains_paid_content":false,"footnotes":""},"categories":[101,2],"tags":[197,696,33],"class_list":["post-81713","post","type-post","status-publish","format-standard","has-post-thumbnail","hentry","category-interes-general-locales","category-locales","tag-buenos-aires","tag-interes-general","tag-locales"],"aioseo_notices":[],"gutentor_comment":0,"jetpack_featured_media_url":"https:\/\/eldiariodesanpedro.com.ar\/sitio\/wp-content\/uploads\/2020\/10\/20181029091241_ucr_interna.jpg","jetpack_shortlink":"https:\/\/wp.me\/p6RhLt-lfX","jetpack_sharing_enabled":true,"_links":{"self":[{"href":"https:\/\/eldiariodesanpedro.com.ar\/sitio\/wp-json\/wp\/v2\/posts\/81713","targetHints":{"allow":["GET"]}}],"collection":[{"href":"https:\/\/eldiariodesanpedro.com.ar\/sitio\/wp-json\/wp\/v2\/posts"}],"about":[{"href":"https:\/\/eldiariodesanpedro.com.ar\/sitio\/wp-json\/wp\/v2\/types\/post"}],"author":[{"embeddable":true,"href":"https:\/\/eldiariodesanpedro.com.ar\/sitio\/wp-json\/wp\/v2\/users\/4"}],"replies":[{"embeddable":true,"href":"https:\/\/eldiariodesanpedro.com.ar\/sitio\/wp-json\/wp\/v2\/comments?post=81713"}],"version-history":[{"count":1,"href":"https:\/\/eldiariodesanpedro.com.ar\/sitio\/wp-json\/wp\/v2\/posts\/81713\/revisions"}],"predecessor-version":[{"id":81715,"href":"https:\/\/eldiariodesanpedro.com.ar\/sitio\/wp-json\/wp\/v2\/posts\/81713\/revisions\/81715"}],"wp:featuredmedia":[{"embeddable":true,"href":"https:\/\/eldiariodesanpedro.com.ar\/sitio\/wp-json\/wp\/v2\/media\/81714"}],"wp:attachment":[{"href":"https:\/\/eldiariodesanpedro.com.ar\/sitio\/wp-json\/wp\/v2\/media?parent=81713"}],"wp:term":[{"taxonomy":"category","embeddable":true,"href":"https:\/\/eldiariodesanpedro.com.ar\/sitio\/wp-json\/wp\/v2\/categories?post=81713"},{"taxonomy":"post_tag","embeddable":true,"href":"https:\/\/eldiariodesanpedro.com.ar\/sitio\/wp-json\/wp\/v2\/tags?post=81713"}],"curies":[{"name":"wp","href":"https:\/\/api.w.org\/{rel}","templated":true}]}}