{"id":81694,"date":"2020-10-02T10:25:40","date_gmt":"2020-10-02T13:25:40","guid":{"rendered":"https:\/\/eldiariodesanpedro.com.ar\/sitio\/?p=81694"},"modified":"2020-10-02T10:25:41","modified_gmt":"2020-10-02T13:25:41","slug":"sociedad-rural-medidas-aisladas-e-insuficientes","status":"publish","type":"post","link":"https:\/\/eldiariodesanpedro.com.ar\/sitio\/sociedad-rural-medidas-aisladas-e-insuficientes\/","title":{"rendered":"Sociedad Rural: \u00abMedidas aisladas e insuficientes\u00bb"},"content":{"rendered":"<!-- VideographyWP Plugin Message: Automatic video embedding prevented by plugin options. -->\n\n<p>La Comisi\u00f3n de Enlace de Entidades Agropecuarias considera que las medidas anunciadas hoy por los ministros Guzm\u00e1n, Kulfas y Basterra en relaci\u00f3n con nuestro sector son insuficientes y no abordan la problem\u00e1tica real de los productores agropecuarios.<\/p>\n\n\n\n<p>En las dos reuniones que mantuvimos con el Dr. Alberto Fern\u00e1ndez, tanto en su condici\u00f3n de candidato como de presidente electo, sostuvo que su Gobierno no tomar\u00eda medidas que afectaran al campo sin consultar a la Comisi\u00f3n de Enlace. Este no ha sido el caso.<\/p>\n\n\n\n<p>Una vez m\u00e1s reiteramos: los productores no somos los causantes de la dram\u00e1tica y persistente situaci\u00f3n econ\u00f3mica que atraviesa el pa\u00eds, y la falta de d\u00f3lares es una consecuencia de las p\u00e9simas pol\u00edticas de exportaci\u00f3n que se han tomado, mirando solo la recaudaci\u00f3n y desalentando el crecimiento de la producci\u00f3n exportable.<\/p>\n\n\n\n<p>Todo lo expuesto hoy por los funcionarios son medidas aisladas, que asemejan parches, pero no definen pasos a seguir ni son pol\u00edticas integrales. Parecieran s\u00f3lo buscar resolver problemas fiscales serios, que como entidades conocemos, pero este no parece ser el camino adecuado.<br>Consideramos que hay que pensar propuestas para producir d\u00f3lares genuinos. Los anuncios no contemplan el crecimiento federal o arm\u00f3nico de las econom\u00edas regionales para generar m\u00e1s empleo, crecimiento y financiamiento para mejorar la situaci\u00f3n de los productores, m\u00e1s all\u00e1 de lo que declamen los funcionarios.<\/p>\n\n\n\n<p>Entre los meses de octubre y febrero, los produtores liquidamos nuestro stock para hacer frente a todos los costos ante la ausencia de instrumentos de financiamiento alternativos. En este sentido, nunca hemos podido abordar la creaci\u00f3n de herramientas crediticias adecuadas con el Gobierno.<br>Para ser claros: una baja circunstancial y temporal de unos puntos de retenciones no resuelven ninguna situaci\u00f3n. De hecho, s\u00f3lo beneficia a algunos actores, que en particular no somos los productores agropecuarios. En rigor, estos anuncios est\u00e1n orientados m\u00e1s bien a una transferencia de los productores a otros sectores de la econom\u00eda.<\/p>\n\n\n\n<p>Reiteramos que el problema es mucho m\u00e1s hondo, e interpela la confianza y los gestos cotidianos que el Gobierno tiene para con el campo en general, que alteran permanentemente las condiciones a partir de las cuales llevamos a cabo nuestras actividades. La imprevisibilidad y la incertidumbre no permiten que podamos pensar\u00a0 nuestras perspectivas a futuro. Por todo esto, creemos que los anuncios demuestran que los funcionarios desconocen la din\u00e1mica comercial y log\u00edstica de la producci\u00f3n de granos. El verdadero objetivo de las medidas, la reimplantaci\u00f3n del diferencial, ha quedado expuesto.<\/p>\n","protected":false},"excerpt":{"rendered":"<p>La Comisi\u00f3n de Enlace de Entidades Agropecuarias considera que las medidas anunciadas hoy por los ministros Guzm\u00e1n, Kulfas y Basterra en relaci\u00f3n con nuestro sector son insuficientes y no abordan la problem\u00e1tica real de los productores agropecuarios. En las dos reuniones que mantuvimos con el Dr. Alberto Fern\u00e1ndez, tanto en su condici\u00f3n de candidato como [&hellip;]<\/p>\n","protected":false},"author":4,"featured_media":81464,"comment_status":"open","ping_status":"closed","sticky":false,"template":"","format":"standard","meta":{"om_disable_all_campaigns":false,"_jetpack_memberships_contains_paid_content":false,"footnotes":""},"categories":[101,2],"tags":[197,696,33],"class_list":["post-81694","post","type-post","status-publish","format-standard","has-post-thumbnail","hentry","category-interes-general-locales","category-locales","tag-buenos-aires","tag-interes-general","tag-locales"],"aioseo_notices":[],"gutentor_comment":0,"jetpack_featured_media_url":"https:\/\/eldiariodesanpedro.com.ar\/sitio\/wp-content\/uploads\/2020\/09\/unnamed-4.jpg","jetpack_shortlink":"https:\/\/wp.me\/p6RhLt-lfE","jetpack_sharing_enabled":true,"_links":{"self":[{"href":"https:\/\/eldiariodesanpedro.com.ar\/sitio\/wp-json\/wp\/v2\/posts\/81694","targetHints":{"allow":["GET"]}}],"collection":[{"href":"https:\/\/eldiariodesanpedro.com.ar\/sitio\/wp-json\/wp\/v2\/posts"}],"about":[{"href":"https:\/\/eldiariodesanpedro.com.ar\/sitio\/wp-json\/wp\/v2\/types\/post"}],"author":[{"embeddable":true,"href":"https:\/\/eldiariodesanpedro.com.ar\/sitio\/wp-json\/wp\/v2\/users\/4"}],"replies":[{"embeddable":true,"href":"https:\/\/eldiariodesanpedro.com.ar\/sitio\/wp-json\/wp\/v2\/comments?post=81694"}],"version-history":[{"count":1,"href":"https:\/\/eldiariodesanpedro.com.ar\/sitio\/wp-json\/wp\/v2\/posts\/81694\/revisions"}],"predecessor-version":[{"id":81695,"href":"https:\/\/eldiariodesanpedro.com.ar\/sitio\/wp-json\/wp\/v2\/posts\/81694\/revisions\/81695"}],"wp:featuredmedia":[{"embeddable":true,"href":"https:\/\/eldiariodesanpedro.com.ar\/sitio\/wp-json\/wp\/v2\/media\/81464"}],"wp:attachment":[{"href":"https:\/\/eldiariodesanpedro.com.ar\/sitio\/wp-json\/wp\/v2\/media?parent=81694"}],"wp:term":[{"taxonomy":"category","embeddable":true,"href":"https:\/\/eldiariodesanpedro.com.ar\/sitio\/wp-json\/wp\/v2\/categories?post=81694"},{"taxonomy":"post_tag","embeddable":true,"href":"https:\/\/eldiariodesanpedro.com.ar\/sitio\/wp-json\/wp\/v2\/tags?post=81694"}],"curies":[{"name":"wp","href":"https:\/\/api.w.org\/{rel}","templated":true}]}}