{"id":81691,"date":"2020-10-02T09:51:28","date_gmt":"2020-10-02T12:51:28","guid":{"rendered":"https:\/\/eldiariodesanpedro.com.ar\/sitio\/?p=81691"},"modified":"2020-10-02T09:51:31","modified_gmt":"2020-10-02T12:51:31","slug":"el-grupo-conservacionista-de-fosiles-descubre-un-craneo-de-ciervo-prehistorico-en-perfecto-estado-de-conservacion","status":"publish","type":"post","link":"https:\/\/eldiariodesanpedro.com.ar\/sitio\/el-grupo-conservacionista-de-fosiles-descubre-un-craneo-de-ciervo-prehistorico-en-perfecto-estado-de-conservacion\/","title":{"rendered":"El Grupo Conservacionista de f\u00f3siles descubre un cr\u00e1neo de ciervo prehist\u00f3rico en perfecto estado de conservaci\u00f3n"},"content":{"rendered":"<!-- VideographyWP Plugin Message: Automatic video embedding prevented by plugin options. -->\n\n<p><strong>El ejemplar tiene m\u00e1s de 200.000 a\u00f1os y es el tercero de la especie recuperado en el yacimiento de Campo Sp\u00f3sito. Demand\u00f3 un gran trabajo de preparaci\u00f3n y es uno de los m\u00e1s completos que se conocen.<\/strong><\/p>\n\n\n\n<p>En el mes de enero, el Grupo Conservacionista de F\u00f3siles hall\u00f3, en el yacimiento de Campo Sp\u00f3sito, el cr\u00e1neo con cornamenta de un ciervo f\u00f3sil que habit\u00f3 la zona hace m\u00e1s de 200.000 a\u00f1os. El ejemplar, que perteneci\u00f3 al g\u00e9nero Morenelaphus, era un ciervo de tama\u00f1o mediano a grande que ten\u00eda una presencia numerosa en la zona.<br>Este cr\u00e1neo <strong>es el m\u00e1s completo<\/strong> de los tres que ya se han encontrado en el yacimiento de Bajo del Tala, en 19 a\u00f1os de b\u00fasqueda en el lugar.<br>El equipo que lo descubri\u00f3 estuvo conformado por Jos\u00e9 Luis Aguilar, Javier Saucedo, Julio Simonini, Domingo Ancharek y Mat\u00edas Swistun. Los dos \u00faltimos fueron los primeros en observar al ejemplar semi oculto en el sedimento.<\/p>\n\n\n\n<p><strong>Duro trabajo de preparaci\u00f3n<\/strong><br>El cr\u00e1neo fosilizado fue extra\u00eddo con la t\u00e9cnica de \u201c<em>boch\u00f3n de yeso<\/em>\u201d, es decir, en un bloque del sedimento que lo conten\u00eda y envuelto en telas embebidas en yeso para que no sufra deterioro durante el traslado al museo.<br>Una vez all\u00ed, la tarea de preparaci\u00f3n estuvo a cargo de Julio Simonini, integrante del equipo del Museo Paleontol\u00f3gico. Con extremada paciencia y utilizando torno el\u00e9ctrico, peque\u00f1as herramientas y ciertos productos consolidantes, Simonini fue retirando poco a poco, toda la roca que rodeaba al f\u00f3sil. As\u00ed, la capa de tosca dura de m\u00e1s de un cent\u00edmetro de espesor, fue sacada en un trabajo que demand\u00f3 muchas horas a lo largo de varios meses.<br>No solo se preservaron todos los detalles del cr\u00e1neo en s\u00ed, sino tambi\u00e9n, de las dos ramas de cornamenta que conserva el ejemplar.<br>Tanto esfuerzo de preparaci\u00f3n dio como resultado uno de los cr\u00e1neos m\u00e1s completos que se tienen de la especie.<\/p>\n\n\n\n<p><strong>Morenelaphus, un ciervo de la llanura pampeana<\/strong><br>Estos animales herb\u00edvoros, de h\u00e1bitos ramoneadores, son uno de los ciervos m\u00e1s frecuentes entre los restos f\u00f3siles del Pleistoceno de Argentina.<br>En el caso del yacimiento de Campo Sp\u00f3sito, ya son varias las piezas recuperadas de estos animales. Debido a que en un sector de ese campo se preserv\u00f3 un tramo de un r\u00edo prehist\u00f3rico, estos mam\u00edferos al igual que otras tantas especies, se acercaban a beber y a alimentarse. En el caso de estos ciervos se cree que habitaban en grupos numerosos ya que son muchos los restos encontrados en un sector muy acotado. Al comparar el cr\u00e1neo de este \u00faltimo ejemplar encontrado con los otros dos recuperados anteriormente, se observa que se trata de un individuo joven que a\u00fan no hab\u00eda alcanzado una adultez plena. Tambi\u00e9n se puede ver que en los ejemplares m\u00e1s viejos, las cornamentas desarrollan unas callosidades o \u201cverrugas\u201d en la superficie. Algo que a\u00fan no se manifiesta en este ejemplar juvenil que presenta la superficie de su cornamenta totalmente lisa.<\/p>\n\n\n\n<p><\/p>\n","protected":false},"excerpt":{"rendered":"<p>El ejemplar tiene m\u00e1s de 200.000 a\u00f1os y es el tercero de la especie recuperado en el yacimiento de Campo Sp\u00f3sito. Demand\u00f3 un gran trabajo de preparaci\u00f3n y es uno de los m\u00e1s completos que se conocen. En el mes de enero, el Grupo Conservacionista de F\u00f3siles hall\u00f3, en el yacimiento de Campo Sp\u00f3sito, el [&hellip;]<\/p>\n","protected":false},"author":4,"featured_media":81692,"comment_status":"open","ping_status":"closed","sticky":false,"template":"","format":"standard","meta":{"om_disable_all_campaigns":false,"_jetpack_memberships_contains_paid_content":false,"footnotes":""},"categories":[101,2],"tags":[],"class_list":["post-81691","post","type-post","status-publish","format-standard","has-post-thumbnail","hentry","category-interes-general-locales","category-locales"],"aioseo_notices":[],"gutentor_comment":0,"jetpack_featured_media_url":"https:\/\/eldiariodesanpedro.com.ar\/sitio\/wp-content\/uploads\/2020\/10\/PREPARADOR-JUNTO-AL-FOSIL-TERMINADO.jpg","jetpack_shortlink":"https:\/\/wp.me\/p6RhLt-lfB","jetpack_sharing_enabled":true,"_links":{"self":[{"href":"https:\/\/eldiariodesanpedro.com.ar\/sitio\/wp-json\/wp\/v2\/posts\/81691","targetHints":{"allow":["GET"]}}],"collection":[{"href":"https:\/\/eldiariodesanpedro.com.ar\/sitio\/wp-json\/wp\/v2\/posts"}],"about":[{"href":"https:\/\/eldiariodesanpedro.com.ar\/sitio\/wp-json\/wp\/v2\/types\/post"}],"author":[{"embeddable":true,"href":"https:\/\/eldiariodesanpedro.com.ar\/sitio\/wp-json\/wp\/v2\/users\/4"}],"replies":[{"embeddable":true,"href":"https:\/\/eldiariodesanpedro.com.ar\/sitio\/wp-json\/wp\/v2\/comments?post=81691"}],"version-history":[{"count":1,"href":"https:\/\/eldiariodesanpedro.com.ar\/sitio\/wp-json\/wp\/v2\/posts\/81691\/revisions"}],"predecessor-version":[{"id":81693,"href":"https:\/\/eldiariodesanpedro.com.ar\/sitio\/wp-json\/wp\/v2\/posts\/81691\/revisions\/81693"}],"wp:featuredmedia":[{"embeddable":true,"href":"https:\/\/eldiariodesanpedro.com.ar\/sitio\/wp-json\/wp\/v2\/media\/81692"}],"wp:attachment":[{"href":"https:\/\/eldiariodesanpedro.com.ar\/sitio\/wp-json\/wp\/v2\/media?parent=81691"}],"wp:term":[{"taxonomy":"category","embeddable":true,"href":"https:\/\/eldiariodesanpedro.com.ar\/sitio\/wp-json\/wp\/v2\/categories?post=81691"},{"taxonomy":"post_tag","embeddable":true,"href":"https:\/\/eldiariodesanpedro.com.ar\/sitio\/wp-json\/wp\/v2\/tags?post=81691"}],"curies":[{"name":"wp","href":"https:\/\/api.w.org\/{rel}","templated":true}]}}