{"id":81685,"date":"2020-10-02T09:35:53","date_gmt":"2020-10-02T12:35:53","guid":{"rendered":"https:\/\/eldiariodesanpedro.com.ar\/sitio\/?p=81685"},"modified":"2020-10-02T09:35:57","modified_gmt":"2020-10-02T12:35:57","slug":"inta-san-pedro-cuando-un-software-permite-tomar-decisiones-economicas-en-el-vivero","status":"publish","type":"post","link":"https:\/\/eldiariodesanpedro.com.ar\/sitio\/inta-san-pedro-cuando-un-software-permite-tomar-decisiones-economicas-en-el-vivero\/","title":{"rendered":"INTA SAN PEDRO | Cuando un Software permite tomar decisiones econ\u00f3micas en el vivero"},"content":{"rendered":"<!-- VideographyWP Plugin Message: Automatic video embedding prevented by plugin options. -->\n\n<p>El viernes 9 de octubre a las 14 hs el equipo desarrollador de Guar\u00e1n, explicar\u00e1 c\u00f3mo esta herramienta permite calcular los gastos del proceso productivo para definir el precio de las plantas en vivero. El encuentro se realizar\u00e1 v\u00eda Youtube y requiere la inscripci\u00f3n de los interesados.<\/p>\n\n\n\n<p>eado a partir del trabajo articulado de INTA San Pedro y la empresa Gesdatta, como una alternativa que aportara a los viveristas locales una herramienta fiable que les permitiera salir de los c\u00e1lculos de bolsillo que a veces dificultan la toma de decisiones acertada. GUAR\u00c1N es de descarga gratuita. Permite calcular el costo por especie para establecer la incidencia de cada componente sobre el costo total, y as\u00ed saber orientar la producci\u00f3n. Su implementaci\u00f3n posibilita analizar el impacto de una tecnolog\u00eda, la modificaci\u00f3n de los salarios, o la incorporaci\u00f3n de una mejora en el costo total. Adem\u00e1s, permite&nbsp; a la empresa conocer y analizar el resultado econ\u00f3mico esperado, as\u00ed como el obtenido, antes y despu\u00e9s de realizar la actividad.<\/p>\n\n\n\n<p>Los disertantes ser\u00e1n Lucas R\u00edos, Contador P\u00fablico y propietario de Gesdatta, y Laura Hansen, Ingeniera Agr\u00f3noma y actual Directora de la EEA INTA San Pedro. El encuentro est\u00e1 destinado a viveristas, t\u00e9cnicos del sector y personas interesadas en la tem\u00e1tica.<\/p>\n\n\n\n<p>Organizan: Facultad de Ciencias Agrarias de la Universidad Nacional del Litoral, el INTA Reconquista, el INTA Las Toscas, viveros Provinciales del&nbsp; Ministerio de la Producci\u00f3n, Ciencia y Tecnolog\u00eda de la provincia de Santa Fe.&nbsp;<\/p>\n\n\n\n<p>Los interesados deben inscribirse en&nbsp;<a href=\"https:\/\/gob.us14.list-manage.com\/track\/click?u=dc8d70956a2304ba6ec6196eb&amp;id=7b1ebae07c&amp;e=a7bb5a3a89\" target=\"_blank\" rel=\"noreferrer noopener\">https:\/\/bit.ly\/347M7aj&nbsp; &nbsp;<\/a><\/p>\n\n\n\n<p>La jornada se realizar\u00e1&nbsp; desde el Canal de YouTube de la C\u00e1tedra de Cultivos Intensivos FCA \u2013 UNL \u2013 link&nbsp;<a href=\"https:\/\/gob.us14.list-manage.com\/track\/click?u=dc8d70956a2304ba6ec6196eb&amp;id=3397b46102&amp;e=a7bb5a3a89\" target=\"_blank\" rel=\"noreferrer noopener\">https:\/\/bit.ly\/3iVfkLL<\/a><\/p>\n","protected":false},"excerpt":{"rendered":"<p>El viernes 9 de octubre a las 14 hs el equipo desarrollador de Guar\u00e1n, explicar\u00e1 c\u00f3mo esta herramienta permite calcular los gastos del proceso productivo para definir el precio de las plantas en vivero. El encuentro se realizar\u00e1 v\u00eda Youtube y requiere la inscripci\u00f3n de los interesados. eado a partir del trabajo articulado de INTA [&hellip;]<\/p>\n","protected":false},"author":4,"featured_media":81686,"comment_status":"open","ping_status":"closed","sticky":false,"template":"","format":"standard","meta":{"om_disable_all_campaigns":false,"_jetpack_memberships_contains_paid_content":false,"footnotes":""},"categories":[101,2],"tags":[],"class_list":["post-81685","post","type-post","status-publish","format-standard","has-post-thumbnail","hentry","category-interes-general-locales","category-locales"],"aioseo_notices":[],"gutentor_comment":0,"jetpack_featured_media_url":"https:\/\/eldiariodesanpedro.com.ar\/sitio\/wp-content\/uploads\/2020\/10\/f991f901-436b-46b7-93aa-050547b92cfb.jpeg","jetpack_shortlink":"https:\/\/wp.me\/p6RhLt-lfv","jetpack_sharing_enabled":true,"_links":{"self":[{"href":"https:\/\/eldiariodesanpedro.com.ar\/sitio\/wp-json\/wp\/v2\/posts\/81685","targetHints":{"allow":["GET"]}}],"collection":[{"href":"https:\/\/eldiariodesanpedro.com.ar\/sitio\/wp-json\/wp\/v2\/posts"}],"about":[{"href":"https:\/\/eldiariodesanpedro.com.ar\/sitio\/wp-json\/wp\/v2\/types\/post"}],"author":[{"embeddable":true,"href":"https:\/\/eldiariodesanpedro.com.ar\/sitio\/wp-json\/wp\/v2\/users\/4"}],"replies":[{"embeddable":true,"href":"https:\/\/eldiariodesanpedro.com.ar\/sitio\/wp-json\/wp\/v2\/comments?post=81685"}],"version-history":[{"count":1,"href":"https:\/\/eldiariodesanpedro.com.ar\/sitio\/wp-json\/wp\/v2\/posts\/81685\/revisions"}],"predecessor-version":[{"id":81687,"href":"https:\/\/eldiariodesanpedro.com.ar\/sitio\/wp-json\/wp\/v2\/posts\/81685\/revisions\/81687"}],"wp:featuredmedia":[{"embeddable":true,"href":"https:\/\/eldiariodesanpedro.com.ar\/sitio\/wp-json\/wp\/v2\/media\/81686"}],"wp:attachment":[{"href":"https:\/\/eldiariodesanpedro.com.ar\/sitio\/wp-json\/wp\/v2\/media?parent=81685"}],"wp:term":[{"taxonomy":"category","embeddable":true,"href":"https:\/\/eldiariodesanpedro.com.ar\/sitio\/wp-json\/wp\/v2\/categories?post=81685"},{"taxonomy":"post_tag","embeddable":true,"href":"https:\/\/eldiariodesanpedro.com.ar\/sitio\/wp-json\/wp\/v2\/tags?post=81685"}],"curies":[{"name":"wp","href":"https:\/\/api.w.org\/{rel}","templated":true}]}}