{"id":81675,"date":"2020-10-01T18:28:31","date_gmt":"2020-10-01T21:28:31","guid":{"rendered":"https:\/\/eldiariodesanpedro.com.ar\/sitio\/?p=81675"},"modified":"2020-10-01T18:28:32","modified_gmt":"2020-10-01T21:28:32","slug":"campana-pase-a-fase-5-se-conocieron-detalles-del-pedido-del-intendente-abella-al-gobernador-kicillof","status":"publish","type":"post","link":"https:\/\/eldiariodesanpedro.com.ar\/sitio\/campana-pase-a-fase-5-se-conocieron-detalles-del-pedido-del-intendente-abella-al-gobernador-kicillof\/","title":{"rendered":"CAMPANA | Pase a Fase 5: se conocieron detalles del pedido del Intendente Abella al Gobernador Kicillof"},"content":{"rendered":"<!-- VideographyWP Plugin Message: Automatic video embedding prevented by plugin options. -->\n\n<p>En la nota formal enviada al gobernador, Abella se\u00f1ala, entre otros puntos, que resulta \u201cimperioso\u201d permitir que las actividades comerciales que a\u00fan se encuentran restringidas puedan \u201cincorporarse a esta nueva realidad que nos toca enfrentar entre todos\u201d, siempre con los pertinentes protocolos sanitarios.<\/p>\n\n\n\n<p>Este mi\u00e9rcoles por la tarde se conocieron los detalles del pedido formal realizado por el intendente Sebasti\u00e1n Abella al gobernador de la Provincia de Buenos Aires, Axel Kicillof, a fin de que Campana ingrese a la Fase 5 del Distanciamiento Social, Preventivo y Obligatorio.<\/p>\n\n\n\n<p>Tras detallar la situaci\u00f3n y ubicaci\u00f3n del partido de Campana, adem\u00e1s de las caracter\u00edsticas que diferencian a la ciudad respecto al resto de las que integran el AMBA, el Intendente le asegur\u00f3 al gobernador que \u201ctoda la comunidad ha tomado consciencia de lo que implica el Virus COVID &#8211; 19 y se muestra muy responsable ante la nueva normalidad\u201d.<\/p>\n\n\n\n<p>\u201cTodos los vecinos &#8211; contin\u00faa Abella en su carta- han trabajado en ello; en todos los sectores se respeta la distancia social y el uso de tapabocas; la ciudad cuenta con una capacidad sanitaria que, gracias al esfuerzo mancomunado, ha incrementado en un 300 % la cantidad de camas hospitalarias, y lo que es m\u00e1s importante, hemos fortalecido el sistema sanitario para poder responder con eficiencia y eficacia frente a un posible pico de contagio, en igual sentido se ha convenido con hoteles para contar con camas no hospitalarios por si surge la necesidad de aislar pacientes y\/o sospechosos.\u201d<\/p>\n\n\n\n<p>La nota se\u00f1ala, a su vez, que resulta \u201cimperioso\u201d permitir que las actividades comerciales que a\u00fan se encuentran restringidas puedan \u201cincorporarse a esta nueva realidad que nos toca enfrentar entre todos\u201d, siempre con los pertinentes protocolos sanitarios, permitiendo de esta manera que tanto las familias, como las industrias, puedan generar ingresos que le permitan procurar su sustento.<\/p>\n\n\n\n<p>Por \u00faltimo, Abella le expres\u00f3 al gobernador que \u201cen el caso que se vislumbrara la posibilidad de un incremento de casos que pudiera afectar al sistema sanitario de nuestra ciudad, se dar\u00eda marcha atr\u00e1s con la medida que hoy le estoy solicitando\u201d.<\/p>\n\n\n\n<p>Fuente: <a href=\"http:\/\/www.enlacecritico.com\/campana\/pase-a-fase-5-se-conocieron-detalles-del-pedido-del-intendente-abella-al-gobernador-kicillof\/\">Enlace Critico<\/a><\/p>\n","protected":false},"excerpt":{"rendered":"<p>En la nota formal enviada al gobernador, Abella se\u00f1ala, entre otros puntos, que resulta \u201cimperioso\u201d permitir que las actividades comerciales que a\u00fan se encuentran restringidas puedan \u201cincorporarse a esta nueva realidad que nos toca enfrentar entre todos\u201d, siempre con los pertinentes protocolos sanitarios. Este mi\u00e9rcoles por la tarde se conocieron los detalles del pedido formal [&hellip;]<\/p>\n","protected":false},"author":4,"featured_media":81676,"comment_status":"open","ping_status":"closed","sticky":false,"template":"","format":"standard","meta":{"om_disable_all_campaigns":false,"_jetpack_memberships_contains_paid_content":false,"footnotes":""},"categories":[621],"tags":[197,686,681],"class_list":["post-81675","post","type-post","status-publish","format-standard","has-post-thumbnail","hentry","category-regionales","tag-buenos-aires","tag-campana-2","tag-regionales"],"aioseo_notices":[],"gutentor_comment":0,"jetpack_featured_media_url":"https:\/\/eldiariodesanpedro.com.ar\/sitio\/wp-content\/uploads\/2020\/10\/En-una-nota-formal-Abella-detallo-los-motivos-por-los-cuales-solicita-el-pase-a-Fase-5_658x400.jpg","jetpack_shortlink":"https:\/\/wp.me\/p6RhLt-lfl","jetpack_sharing_enabled":true,"_links":{"self":[{"href":"https:\/\/eldiariodesanpedro.com.ar\/sitio\/wp-json\/wp\/v2\/posts\/81675","targetHints":{"allow":["GET"]}}],"collection":[{"href":"https:\/\/eldiariodesanpedro.com.ar\/sitio\/wp-json\/wp\/v2\/posts"}],"about":[{"href":"https:\/\/eldiariodesanpedro.com.ar\/sitio\/wp-json\/wp\/v2\/types\/post"}],"author":[{"embeddable":true,"href":"https:\/\/eldiariodesanpedro.com.ar\/sitio\/wp-json\/wp\/v2\/users\/4"}],"replies":[{"embeddable":true,"href":"https:\/\/eldiariodesanpedro.com.ar\/sitio\/wp-json\/wp\/v2\/comments?post=81675"}],"version-history":[{"count":1,"href":"https:\/\/eldiariodesanpedro.com.ar\/sitio\/wp-json\/wp\/v2\/posts\/81675\/revisions"}],"predecessor-version":[{"id":81677,"href":"https:\/\/eldiariodesanpedro.com.ar\/sitio\/wp-json\/wp\/v2\/posts\/81675\/revisions\/81677"}],"wp:featuredmedia":[{"embeddable":true,"href":"https:\/\/eldiariodesanpedro.com.ar\/sitio\/wp-json\/wp\/v2\/media\/81676"}],"wp:attachment":[{"href":"https:\/\/eldiariodesanpedro.com.ar\/sitio\/wp-json\/wp\/v2\/media?parent=81675"}],"wp:term":[{"taxonomy":"category","embeddable":true,"href":"https:\/\/eldiariodesanpedro.com.ar\/sitio\/wp-json\/wp\/v2\/categories?post=81675"},{"taxonomy":"post_tag","embeddable":true,"href":"https:\/\/eldiariodesanpedro.com.ar\/sitio\/wp-json\/wp\/v2\/tags?post=81675"}],"curies":[{"name":"wp","href":"https:\/\/api.w.org\/{rel}","templated":true}]}}