{"id":81636,"date":"2020-10-01T16:15:09","date_gmt":"2020-10-01T19:15:09","guid":{"rendered":"https:\/\/eldiariodesanpedro.com.ar\/sitio\/?p=81636"},"modified":"2020-10-01T16:15:12","modified_gmt":"2020-10-01T19:15:12","slug":"adhesion-al-comunicado-del-circulo-medico-y-pedido-especial-para-todos","status":"publish","type":"post","link":"https:\/\/eldiariodesanpedro.com.ar\/sitio\/adhesion-al-comunicado-del-circulo-medico-y-pedido-especial-para-todos\/","title":{"rendered":"Adhesi\u00f3n al comunicado del C\u00edrculo M\u00e9dico y pedido especial para todos"},"content":{"rendered":"<!-- VideographyWP Plugin Message: Automatic video embedding prevented by plugin options. -->\n\n<p>El Centro de Comercio Industria y Turismo de San Pedro acompa\u00f1a la nota elaborada por la Asociaci\u00f3n C\u00edrculo M\u00e9dico en la que expresan la preocupaci\u00f3n creciente ante el aumento de casos positivos de Covid 19 en nuestra ciudad.<\/p>\n\n\n\n<p>Destacamos la tarea que todos los trabajadores de la salud vienen desempe\u00f1ando para atender los vecinos que se enferman y necesitan asistencia pero creemos que es muy importante incrementar las acciones preventivas, en todos los \u00e1mbitos.<\/p>\n\n\n\n<p>A los empresarios, comerciantes y prestadores de servicios, que responsablemente est\u00e1n desarrollando sus actividades, lejos de alcanzar el movimiento ideal que todos deseamos los instamos a seguir cuid\u00e1ndose, cuidando a su personal y a los clientes, &nbsp; manteniendo todas las medidas exigidas; uso de productos de sanitizaci\u00f3n, barbijos o m\u00e1scaras, distanciamiento social e higiene permanente.<\/p>\n\n\n\n<p><strong>Debemos seguir muy atentos y comprometidos con la prevenci\u00f3n, todos los d\u00edas, para lograr superar esta Pandemia cuanto antes.<\/strong><\/p>\n\n\n\n<figure class=\"wp-block-image size-large\"><img decoding=\"async\" width=\"723\" height=\"1024\" data-attachment-id=\"81637\" data-permalink=\"https:\/\/eldiariodesanpedro.com.ar\/sitio\/adhesion-al-comunicado-del-circulo-medico-y-pedido-especial-para-todos\/solicitada-circulo-3009-1\/\" data-orig-file=\"https:\/\/eldiariodesanpedro.com.ar\/sitio\/wp-content\/uploads\/2020\/10\/solicitada-circulo-3009-1.jpeg\" data-orig-size=\"904,1280\" data-comments-opened=\"1\" data-image-meta=\"{&quot;aperture&quot;:&quot;0&quot;,&quot;credit&quot;:&quot;&quot;,&quot;camera&quot;:&quot;&quot;,&quot;caption&quot;:&quot;&quot;,&quot;created_timestamp&quot;:&quot;0&quot;,&quot;copyright&quot;:&quot;&quot;,&quot;focal_length&quot;:&quot;0&quot;,&quot;iso&quot;:&quot;0&quot;,&quot;shutter_speed&quot;:&quot;0&quot;,&quot;title&quot;:&quot;&quot;,&quot;orientation&quot;:&quot;0&quot;}\" data-image-title=\"solicitada circulo 3009 (1)\" data-image-description=\"\" data-image-caption=\"\" data-large-file=\"https:\/\/eldiariodesanpedro.com.ar\/sitio\/wp-content\/uploads\/2020\/10\/solicitada-circulo-3009-1-723x1024.jpeg\" data-src=\"https:\/\/eldiariodesanpedro.com.ar\/sitio\/wp-content\/uploads\/2020\/10\/solicitada-circulo-3009-1-723x1024.jpeg\" alt=\"\" class=\"wp-image-81637 lazyload\" data-srcset=\"https:\/\/eldiariodesanpedro.com.ar\/sitio\/wp-content\/uploads\/2020\/10\/solicitada-circulo-3009-1-723x1024.jpeg 723w, https:\/\/eldiariodesanpedro.com.ar\/sitio\/wp-content\/uploads\/2020\/10\/solicitada-circulo-3009-1-212x300.jpeg 212w, https:\/\/eldiariodesanpedro.com.ar\/sitio\/wp-content\/uploads\/2020\/10\/solicitada-circulo-3009-1-768x1087.jpeg 768w, https:\/\/eldiariodesanpedro.com.ar\/sitio\/wp-content\/uploads\/2020\/10\/solicitada-circulo-3009-1.jpeg 904w\" data-sizes=\"(max-width: 723px) 100vw, 723px\" src=\"data:image\/svg+xml;base64,PHN2ZyB3aWR0aD0iMSIgaGVpZ2h0PSIxIiB4bWxucz0iaHR0cDovL3d3dy53My5vcmcvMjAwMC9zdmciPjwvc3ZnPg==\" style=\"--smush-placeholder-width: 723px; --smush-placeholder-aspect-ratio: 723\/1024;\" \/><\/figure>\n","protected":false},"excerpt":{"rendered":"<p>El Centro de Comercio Industria y Turismo de San Pedro acompa\u00f1a la nota elaborada por la Asociaci\u00f3n C\u00edrculo M\u00e9dico en la que expresan la preocupaci\u00f3n creciente ante el aumento de casos positivos de Covid 19 en nuestra ciudad. Destacamos la tarea que todos los trabajadores de la salud vienen desempe\u00f1ando para atender los vecinos que [&hellip;]<\/p>\n","protected":false},"author":4,"featured_media":81638,"comment_status":"open","ping_status":"closed","sticky":false,"template":"","format":"standard","meta":{"om_disable_all_campaigns":false,"_jetpack_memberships_contains_paid_content":false,"footnotes":""},"categories":[101,2],"tags":[197,696,33],"class_list":["post-81636","post","type-post","status-publish","format-standard","has-post-thumbnail","hentry","category-interes-general-locales","category-locales","tag-buenos-aires","tag-interes-general","tag-locales"],"aioseo_notices":[],"gutentor_comment":0,"jetpack_featured_media_url":"https:\/\/eldiariodesanpedro.com.ar\/sitio\/wp-content\/uploads\/2020\/10\/centro-de-comercio-e-industria_3_1.jpg","jetpack_shortlink":"https:\/\/wp.me\/p6RhLt-leI","jetpack_sharing_enabled":true,"_links":{"self":[{"href":"https:\/\/eldiariodesanpedro.com.ar\/sitio\/wp-json\/wp\/v2\/posts\/81636","targetHints":{"allow":["GET"]}}],"collection":[{"href":"https:\/\/eldiariodesanpedro.com.ar\/sitio\/wp-json\/wp\/v2\/posts"}],"about":[{"href":"https:\/\/eldiariodesanpedro.com.ar\/sitio\/wp-json\/wp\/v2\/types\/post"}],"author":[{"embeddable":true,"href":"https:\/\/eldiariodesanpedro.com.ar\/sitio\/wp-json\/wp\/v2\/users\/4"}],"replies":[{"embeddable":true,"href":"https:\/\/eldiariodesanpedro.com.ar\/sitio\/wp-json\/wp\/v2\/comments?post=81636"}],"version-history":[{"count":1,"href":"https:\/\/eldiariodesanpedro.com.ar\/sitio\/wp-json\/wp\/v2\/posts\/81636\/revisions"}],"predecessor-version":[{"id":81639,"href":"https:\/\/eldiariodesanpedro.com.ar\/sitio\/wp-json\/wp\/v2\/posts\/81636\/revisions\/81639"}],"wp:featuredmedia":[{"embeddable":true,"href":"https:\/\/eldiariodesanpedro.com.ar\/sitio\/wp-json\/wp\/v2\/media\/81638"}],"wp:attachment":[{"href":"https:\/\/eldiariodesanpedro.com.ar\/sitio\/wp-json\/wp\/v2\/media?parent=81636"}],"wp:term":[{"taxonomy":"category","embeddable":true,"href":"https:\/\/eldiariodesanpedro.com.ar\/sitio\/wp-json\/wp\/v2\/categories?post=81636"},{"taxonomy":"post_tag","embeddable":true,"href":"https:\/\/eldiariodesanpedro.com.ar\/sitio\/wp-json\/wp\/v2\/tags?post=81636"}],"curies":[{"name":"wp","href":"https:\/\/api.w.org\/{rel}","templated":true}]}}