{"id":81624,"date":"2020-10-01T15:59:40","date_gmt":"2020-10-01T18:59:40","guid":{"rendered":"https:\/\/eldiariodesanpedro.com.ar\/sitio\/?p=81624"},"modified":"2020-10-01T15:59:40","modified_gmt":"2020-10-01T18:59:40","slug":"entrega-de-insumos-y-elementos-para-el-hospital","status":"publish","type":"post","link":"https:\/\/eldiariodesanpedro.com.ar\/sitio\/entrega-de-insumos-y-elementos-para-el-hospital\/","title":{"rendered":"Entrega de insumos y elementos para el Hospital"},"content":{"rendered":"<!-- VideographyWP Plugin Message: Automatic video embedding prevented by plugin options. -->\n\n<p>Se realiz\u00f3 esta ma\u00f1ana en la Direcci\u00f3n del Hospital Emilio Ruffa la entrega de insumos donados por la Iglesia de Jesucristo de los Santos de los \u00daltimos D\u00edas. Estos elementos fueron entregados a la Cooperadora del Hospital por los representantes de la congregaci\u00f3n regional con asiento en Z\u00e1rate.<\/p>\n\n\n\n<p>La donaci\u00f3n consta de 2 sillas de ruedas para adultos, 4 mil guantes de l\u00e1tex, 200 barbijos quir\u00fargicos, 100 barbijos KN95, 200 batas quir\u00fargicas, 100 protectores faciales de pl\u00e1stico y 400 cubre calzados.<\/p>\n\n\n\n<p>Desde la Municipalidad de San Pedro y especialmente desde el Hospital se comparte p\u00fablicamente este agradecimiento por tan noble actitud, que permitir\u00e1 mejorar la atenci\u00f3n y el cuidado del personal de salud y de los pacientes en esta situaci\u00f3n de emergencia.<\/p>\n\n\n\n<figure class=\"wp-block-image size-large\"><img decoding=\"async\" width=\"1024\" height=\"498\" data-attachment-id=\"81634\" data-permalink=\"https:\/\/eldiariodesanpedro.com.ar\/sitio\/entrega-de-insumos-y-elementos-para-el-hospital\/whatsapp-image-2020-10-01-at-15-46-41\/\" data-orig-file=\"https:\/\/eldiariodesanpedro.com.ar\/sitio\/wp-content\/uploads\/2020\/10\/WhatsApp-Image-2020-10-01-at-15.46.41.jpeg\" data-orig-size=\"1280,622\" data-comments-opened=\"1\" data-image-meta=\"{&quot;aperture&quot;:&quot;0&quot;,&quot;credit&quot;:&quot;&quot;,&quot;camera&quot;:&quot;&quot;,&quot;caption&quot;:&quot;&quot;,&quot;created_timestamp&quot;:&quot;0&quot;,&quot;copyright&quot;:&quot;&quot;,&quot;focal_length&quot;:&quot;0&quot;,&quot;iso&quot;:&quot;0&quot;,&quot;shutter_speed&quot;:&quot;0&quot;,&quot;title&quot;:&quot;&quot;,&quot;orientation&quot;:&quot;0&quot;}\" data-image-title=\"WhatsApp Image 2020-10-01 at 15.46.41\" data-image-description=\"\" data-image-caption=\"\" data-large-file=\"https:\/\/eldiariodesanpedro.com.ar\/sitio\/wp-content\/uploads\/2020\/10\/WhatsApp-Image-2020-10-01-at-15.46.41-1024x498.jpeg\" data-src=\"https:\/\/eldiariodesanpedro.com.ar\/sitio\/wp-content\/uploads\/2020\/10\/WhatsApp-Image-2020-10-01-at-15.46.41-1024x498.jpeg\" alt=\"\" class=\"wp-image-81634 lazyload\" data-srcset=\"https:\/\/eldiariodesanpedro.com.ar\/sitio\/wp-content\/uploads\/2020\/10\/WhatsApp-Image-2020-10-01-at-15.46.41-1024x498.jpeg 1024w, https:\/\/eldiariodesanpedro.com.ar\/sitio\/wp-content\/uploads\/2020\/10\/WhatsApp-Image-2020-10-01-at-15.46.41-300x146.jpeg 300w, https:\/\/eldiariodesanpedro.com.ar\/sitio\/wp-content\/uploads\/2020\/10\/WhatsApp-Image-2020-10-01-at-15.46.41-768x373.jpeg 768w, https:\/\/eldiariodesanpedro.com.ar\/sitio\/wp-content\/uploads\/2020\/10\/WhatsApp-Image-2020-10-01-at-15.46.41.jpeg 1280w\" data-sizes=\"(max-width: 1024px) 100vw, 1024px\" src=\"data:image\/svg+xml;base64,PHN2ZyB3aWR0aD0iMSIgaGVpZ2h0PSIxIiB4bWxucz0iaHR0cDovL3d3dy53My5vcmcvMjAwMC9zdmciPjwvc3ZnPg==\" style=\"--smush-placeholder-width: 1024px; --smush-placeholder-aspect-ratio: 1024\/498;\" \/><\/figure>\n\n\n\n<figure class=\"wp-block-embed-facebook wp-block-embed is-type-video is-provider-facebook\"><div class=\"wp-block-embed__wrapper\">\n<div class=\"fb-video\" data-allowfullscreen=\"true\" data-href=\"https:\/\/www.facebook.com\/eldiario.desanpedro\/videos\/2628146197515405\/\" style=\"background-color: #fff; display: inline-block;\"><\/div>\n<\/div><\/figure>\n","protected":false},"excerpt":{"rendered":"<p>Se realiz\u00f3 esta ma\u00f1ana en la Direcci\u00f3n del Hospital Emilio Ruffa la entrega de insumos donados por la Iglesia de Jesucristo de los Santos de los \u00daltimos D\u00edas. Estos elementos fueron entregados a la Cooperadora del Hospital por los representantes de la congregaci\u00f3n regional con asiento en Z\u00e1rate. La donaci\u00f3n consta de 2 sillas de [&hellip;]<\/p>\n","protected":false},"author":4,"featured_media":81633,"comment_status":"open","ping_status":"closed","sticky":false,"template":"","format":"standard","meta":{"om_disable_all_campaigns":false,"_jetpack_memberships_contains_paid_content":false,"footnotes":""},"categories":[101,2],"tags":[197,696,33],"class_list":["post-81624","post","type-post","status-publish","format-standard","has-post-thumbnail","hentry","category-interes-general-locales","category-locales","tag-buenos-aires","tag-interes-general","tag-locales"],"aioseo_notices":[],"gutentor_comment":0,"jetpack_featured_media_url":"https:\/\/eldiariodesanpedro.com.ar\/sitio\/wp-content\/uploads\/2020\/10\/WhatsApp-Image-2020-10-01-at-15.46.41-3.jpeg","jetpack_shortlink":"https:\/\/wp.me\/p6RhLt-lew","jetpack_sharing_enabled":true,"_links":{"self":[{"href":"https:\/\/eldiariodesanpedro.com.ar\/sitio\/wp-json\/wp\/v2\/posts\/81624","targetHints":{"allow":["GET"]}}],"collection":[{"href":"https:\/\/eldiariodesanpedro.com.ar\/sitio\/wp-json\/wp\/v2\/posts"}],"about":[{"href":"https:\/\/eldiariodesanpedro.com.ar\/sitio\/wp-json\/wp\/v2\/types\/post"}],"author":[{"embeddable":true,"href":"https:\/\/eldiariodesanpedro.com.ar\/sitio\/wp-json\/wp\/v2\/users\/4"}],"replies":[{"embeddable":true,"href":"https:\/\/eldiariodesanpedro.com.ar\/sitio\/wp-json\/wp\/v2\/comments?post=81624"}],"version-history":[{"count":1,"href":"https:\/\/eldiariodesanpedro.com.ar\/sitio\/wp-json\/wp\/v2\/posts\/81624\/revisions"}],"predecessor-version":[{"id":81635,"href":"https:\/\/eldiariodesanpedro.com.ar\/sitio\/wp-json\/wp\/v2\/posts\/81624\/revisions\/81635"}],"wp:featuredmedia":[{"embeddable":true,"href":"https:\/\/eldiariodesanpedro.com.ar\/sitio\/wp-json\/wp\/v2\/media\/81633"}],"wp:attachment":[{"href":"https:\/\/eldiariodesanpedro.com.ar\/sitio\/wp-json\/wp\/v2\/media?parent=81624"}],"wp:term":[{"taxonomy":"category","embeddable":true,"href":"https:\/\/eldiariodesanpedro.com.ar\/sitio\/wp-json\/wp\/v2\/categories?post=81624"},{"taxonomy":"post_tag","embeddable":true,"href":"https:\/\/eldiariodesanpedro.com.ar\/sitio\/wp-json\/wp\/v2\/tags?post=81624"}],"curies":[{"name":"wp","href":"https:\/\/api.w.org\/{rel}","templated":true}]}}