{"id":81621,"date":"2020-10-01T09:55:05","date_gmt":"2020-10-01T12:55:05","guid":{"rendered":"https:\/\/eldiariodesanpedro.com.ar\/sitio\/?p=81621"},"modified":"2020-10-01T09:55:09","modified_gmt":"2020-10-01T12:55:09","slug":"nuevo-titular-de-la-ddi-san-pedro-baradero","status":"publish","type":"post","link":"https:\/\/eldiariodesanpedro.com.ar\/sitio\/nuevo-titular-de-la-ddi-san-pedro-baradero\/","title":{"rendered":"Nuevo titular de la DDI San Pedro Baradero"},"content":{"rendered":"<!-- VideographyWP Plugin Message: Automatic video embedding prevented by plugin options. -->\n\n<p>El Comisario Fernando Goienespe\u00a0fue designado nuevo titular de la Sub DDI San Pedro- Baradero. Reemplaza al Comisario Sergio Avalos, que es quien ven\u00eda ocupando el cargo desde hace algunos meses.<\/p>\n\n\n\n<p>Goienespe&nbsp;cuenta con una vasta trayectoria en el \u00e1mbito de la seguridad y viene de desempe\u00f1arse en la ciudad de Z\u00e1rate, y antiguamente lo hab\u00eda hecho en la&nbsp;DDI Moreno-Gral Rodr\u00edguez.<\/p>\n\n\n\n<p>En la Departamental San Nicol\u00e1s, el Comisario Inspector Leonardo Cruz asumi\u00f3 como nuevo titular mientras que el Comisario Mayor H\u00e9ctor Ariel Lividisky, que es quien se encontraba trabajando en San Nicol\u00e1s pas\u00f3 a la DDI Z\u00e1rate donde compartir\u00e1 funciones con el propio Avalos.&nbsp;<\/p>\n","protected":false},"excerpt":{"rendered":"<p>El Comisario Fernando Goienespe\u00a0fue designado nuevo titular de la Sub DDI San Pedro- Baradero. Reemplaza al Comisario Sergio Avalos, que es quien ven\u00eda ocupando el cargo desde hace algunos meses. Goienespe&nbsp;cuenta con una vasta trayectoria en el \u00e1mbito de la seguridad y viene de desempe\u00f1arse en la ciudad de Z\u00e1rate, y antiguamente lo hab\u00eda hecho [&hellip;]<\/p>\n","protected":false},"author":4,"featured_media":81622,"comment_status":"open","ping_status":"closed","sticky":false,"template":"","format":"standard","meta":{"om_disable_all_campaigns":false,"_jetpack_memberships_contains_paid_content":false,"footnotes":""},"categories":[50,101,2],"tags":[],"class_list":["post-81621","post","type-post","status-publish","format-standard","has-post-thumbnail","hentry","category-destacadas","category-interes-general-locales","category-locales"],"aioseo_notices":[],"gutentor_comment":0,"jetpack_featured_media_url":"https:\/\/eldiariodesanpedro.com.ar\/sitio\/wp-content\/uploads\/2020\/10\/unnamed-1.jpg","jetpack_shortlink":"https:\/\/wp.me\/p6RhLt-let","jetpack_sharing_enabled":true,"_links":{"self":[{"href":"https:\/\/eldiariodesanpedro.com.ar\/sitio\/wp-json\/wp\/v2\/posts\/81621","targetHints":{"allow":["GET"]}}],"collection":[{"href":"https:\/\/eldiariodesanpedro.com.ar\/sitio\/wp-json\/wp\/v2\/posts"}],"about":[{"href":"https:\/\/eldiariodesanpedro.com.ar\/sitio\/wp-json\/wp\/v2\/types\/post"}],"author":[{"embeddable":true,"href":"https:\/\/eldiariodesanpedro.com.ar\/sitio\/wp-json\/wp\/v2\/users\/4"}],"replies":[{"embeddable":true,"href":"https:\/\/eldiariodesanpedro.com.ar\/sitio\/wp-json\/wp\/v2\/comments?post=81621"}],"version-history":[{"count":1,"href":"https:\/\/eldiariodesanpedro.com.ar\/sitio\/wp-json\/wp\/v2\/posts\/81621\/revisions"}],"predecessor-version":[{"id":81623,"href":"https:\/\/eldiariodesanpedro.com.ar\/sitio\/wp-json\/wp\/v2\/posts\/81621\/revisions\/81623"}],"wp:featuredmedia":[{"embeddable":true,"href":"https:\/\/eldiariodesanpedro.com.ar\/sitio\/wp-json\/wp\/v2\/media\/81622"}],"wp:attachment":[{"href":"https:\/\/eldiariodesanpedro.com.ar\/sitio\/wp-json\/wp\/v2\/media?parent=81621"}],"wp:term":[{"taxonomy":"category","embeddable":true,"href":"https:\/\/eldiariodesanpedro.com.ar\/sitio\/wp-json\/wp\/v2\/categories?post=81621"},{"taxonomy":"post_tag","embeddable":true,"href":"https:\/\/eldiariodesanpedro.com.ar\/sitio\/wp-json\/wp\/v2\/tags?post=81621"}],"curies":[{"name":"wp","href":"https:\/\/api.w.org\/{rel}","templated":true}]}}