{"id":81612,"date":"2020-09-30T18:31:56","date_gmt":"2020-09-30T21:31:56","guid":{"rendered":"https:\/\/eldiariodesanpedro.com.ar\/sitio\/?p=81612"},"modified":"2020-09-30T18:32:20","modified_gmt":"2020-09-30T21:32:20","slug":"comunicado-del-circulo-medico-por-la-gravedad-de-la-situacion-de-coronavirus-en-san-pedro","status":"publish","type":"post","link":"https:\/\/eldiariodesanpedro.com.ar\/sitio\/comunicado-del-circulo-medico-por-la-gravedad-de-la-situacion-de-coronavirus-en-san-pedro\/","title":{"rendered":"Comunicado del Circulo Medico por la gravedad de la situaci\u00f3n de coronavirus en San Pedro"},"content":{"rendered":"<!-- VideographyWP Plugin Message: Automatic video embedding prevented by plugin options. -->\n\n<p><strong>El momento para cuidarse m\u00e1s que nunca&#8230;<\/strong><\/p>\n\n\n\n<p>El momento de Pandemia en que vivimos en todos los \u00f3rdenes, pero especialmente en San Pedro nos exige un pronunciamiento firme desde nuestro rol esencial como personal de salud.<\/p>\n\n\n\n<p>Volvemos a hacer un llamado especial a cada uno de los sectores que componen nuestra sociedad para que se entienda y se comprenda, que se siguen multiplicando d\u00eda a d\u00eda, semana a semana, los casos de infecci\u00f3n con Covid-19. Recibimos y recibiremos decenas de casos que elevar\u00e1n la circulaci\u00f3n del virus en los pr\u00f3ximos d\u00edas.<\/p>\n\n\n\n<p>Esta escalada nos presentar\u00e1 cada vez mayor cantidad de casos complicados que requerir\u00e1n internaci\u00f3n de mediana y alta complejidad llevando a un peligroso l\u00edmite de saturaci\u00f3n a todo el sistema de salud, p\u00fablico y privado.<\/p>\n\n\n\n<p>Ante este escenario, ser\u00e1 muy triste el consecuente desmanejo de los enfermos graves, tener que limitar la atenci\u00f3n, y por las caracter\u00edsticas propias del desborde, exponernos a un riesgo mayor de complicaciones severas que comprometer\u00e1n la vida de muchos vecinos y familiares<br>No es una frase repetida. Es un llamado en\u00e9rgico a la reflexi\u00f3n y el compromiso DE TODOS. Estamos en el peor momento de contagios.<\/p>\n\n\n\n<p>Hay una gran cantidad de vecinos que vienen cumpliendo con todas las medidas de cuidado y prevenci\u00f3n, sintiendo a veces que su esfuerzo es en vano, que no es recompensado.<\/p>\n\n\n\n<p>A ellos, que son un ejemplo, les pedimos que no decaigan, que mantengan esa actitud como una referencia de lo que se debe hacer y que colaboren replicando el mensaje de responsabilidad social que venimos compartiendo con el municipio.<\/p>\n\n\n\n<p>A quienes no entienden, o no quieren entender y no dimensionan la gravedad de la situaci\u00f3n, privilegiando la libertad individual en desmedro del riesgo propio y de quienes los rodean, les solicitamos que REFLEXIONEN y se asesoren con fuentes confiables.<\/p>\n\n\n\n<p>Necesitamos que todos extrememos los cuidados y la prevenci\u00f3n con las medidas todos sabemos de memoria, pero no todos cumplen.<br>Invitamos tambi\u00e9n a todas las organizaciones sociales, grupos de comerciantes o empresarios bares y restaurantes a colaborar y hacer cumplir estrictamente los protocolos y restringir cualquier situaci\u00f3n de riesgo, o denunciarla, para facilitar el accionar del estado local.<\/p>\n\n\n\n<p>Por \u00faltimo, pero muy importante, solicitamos el COMPROMISO PLENO en las medidas de CONTROL, por parte de todos los organismos afines del estado y gobierno, comandados por el poder ejecutivo y legislativo local.<\/p>\n\n\n\n<p>Desde la primera l\u00ednea de respuesta, padeciendo adem\u00e1s del agotamiento propio de meses muy intensos, reiteramos que para un momento cr\u00edtico, se necesita indispensablemente de la colaboraci\u00f3n y compromiso de toda la sociedad, y su dirigencia social y pol\u00edtica, para que produzca una respuesta solidaria, que evite la tragedia sanitaria y econ\u00f3mica.<\/p>\n","protected":false},"excerpt":{"rendered":"<p>El momento para cuidarse m\u00e1s que nunca&#8230; El momento de Pandemia en que vivimos en todos los \u00f3rdenes, pero especialmente en San Pedro nos exige un pronunciamiento firme desde nuestro rol esencial como personal de salud. Volvemos a hacer un llamado especial a cada uno de los sectores que componen nuestra sociedad para que se [&hellip;]<\/p>\n","protected":false},"author":4,"featured_media":77147,"comment_status":"open","ping_status":"closed","sticky":false,"template":"","format":"standard","meta":{"om_disable_all_campaigns":false,"_jetpack_memberships_contains_paid_content":false,"footnotes":""},"categories":[101,2],"tags":[808,696,33],"class_list":["post-81612","post","type-post","status-publish","format-standard","has-post-thumbnail","hentry","category-interes-general-locales","category-locales","tag-coronavirus","tag-interes-general","tag-locales"],"aioseo_notices":[],"gutentor_comment":0,"jetpack_featured_media_url":"https:\/\/eldiariodesanpedro.com.ar\/sitio\/wp-content\/uploads\/2020\/07\/medicos-coronavirus.jpg","jetpack_shortlink":"https:\/\/wp.me\/p6RhLt-lek","jetpack_sharing_enabled":true,"_links":{"self":[{"href":"https:\/\/eldiariodesanpedro.com.ar\/sitio\/wp-json\/wp\/v2\/posts\/81612","targetHints":{"allow":["GET"]}}],"collection":[{"href":"https:\/\/eldiariodesanpedro.com.ar\/sitio\/wp-json\/wp\/v2\/posts"}],"about":[{"href":"https:\/\/eldiariodesanpedro.com.ar\/sitio\/wp-json\/wp\/v2\/types\/post"}],"author":[{"embeddable":true,"href":"https:\/\/eldiariodesanpedro.com.ar\/sitio\/wp-json\/wp\/v2\/users\/4"}],"replies":[{"embeddable":true,"href":"https:\/\/eldiariodesanpedro.com.ar\/sitio\/wp-json\/wp\/v2\/comments?post=81612"}],"version-history":[{"count":2,"href":"https:\/\/eldiariodesanpedro.com.ar\/sitio\/wp-json\/wp\/v2\/posts\/81612\/revisions"}],"predecessor-version":[{"id":81614,"href":"https:\/\/eldiariodesanpedro.com.ar\/sitio\/wp-json\/wp\/v2\/posts\/81612\/revisions\/81614"}],"wp:featuredmedia":[{"embeddable":true,"href":"https:\/\/eldiariodesanpedro.com.ar\/sitio\/wp-json\/wp\/v2\/media\/77147"}],"wp:attachment":[{"href":"https:\/\/eldiariodesanpedro.com.ar\/sitio\/wp-json\/wp\/v2\/media?parent=81612"}],"wp:term":[{"taxonomy":"category","embeddable":true,"href":"https:\/\/eldiariodesanpedro.com.ar\/sitio\/wp-json\/wp\/v2\/categories?post=81612"},{"taxonomy":"post_tag","embeddable":true,"href":"https:\/\/eldiariodesanpedro.com.ar\/sitio\/wp-json\/wp\/v2\/tags?post=81612"}],"curies":[{"name":"wp","href":"https:\/\/api.w.org\/{rel}","templated":true}]}}