{"id":81610,"date":"2020-09-30T18:22:29","date_gmt":"2020-09-30T21:22:29","guid":{"rendered":"https:\/\/eldiariodesanpedro.com.ar\/sitio\/?p=81610"},"modified":"2020-09-30T18:22:33","modified_gmt":"2020-09-30T21:22:33","slug":"edicto-de-sucesion-de-dalmacio-ezequiel-schallibaung","status":"publish","type":"post","link":"https:\/\/eldiariodesanpedro.com.ar\/sitio\/edicto-de-sucesion-de-dalmacio-ezequiel-schallibaung\/","title":{"rendered":"Edicto de Sucesi\u00f3n de Dalmacio Ezequiel Schallibaung"},"content":{"rendered":"<!-- VideographyWP Plugin Message: Automatic video embedding prevented by plugin options. -->\n\n<p>EL Juzgado de Paz Letrado de San Pedro, Secretaria \u00danica, del Departamento Judicial de San Nicol\u00e1s, cita y emplaza por Treinta (30) d\u00edas a herederos y acreedores de <strong>Don Dalmacio Ezequiel Schallibaung.<\/strong>&#8211; San Pedro, 25 de Septiembre de 2020.-<\/p>\n\n\n\n<p>FACUNDO VELLON<br>ABOGADO SECRETARIO<\/p>\n","protected":false},"excerpt":{"rendered":"<p>EL Juzgado de Paz Letrado de San Pedro, Secretaria \u00danica, del Departamento Judicial de San Nicol\u00e1s, cita y emplaza por Treinta (30) d\u00edas a herederos y acreedores de Don Dalmacio Ezequiel Schallibaung.&#8211; San Pedro, 25 de Septiembre de 2020.- FACUNDO VELLONABOGADO SECRETARIO<\/p>\n","protected":false},"author":4,"featured_media":81363,"comment_status":"open","ping_status":"closed","sticky":false,"template":"","format":"standard","meta":{"om_disable_all_campaigns":false,"_jetpack_memberships_contains_paid_content":false,"footnotes":""},"categories":[676,677],"tags":[1121,1355,1122],"class_list":["post-81610","post","type-post","status-publish","format-standard","has-post-thumbnail","hentry","category-edictos","category-edictos-sucesorios","tag-edicto","tag-judiciales","tag-sucesion"],"aioseo_notices":[],"gutentor_comment":0,"jetpack_featured_media_url":"https:\/\/eldiariodesanpedro.com.ar\/sitio\/wp-content\/uploads\/2020\/09\/Poder-Judicial-2.jpg","jetpack_shortlink":"https:\/\/wp.me\/p6RhLt-lei","jetpack_sharing_enabled":true,"_links":{"self":[{"href":"https:\/\/eldiariodesanpedro.com.ar\/sitio\/wp-json\/wp\/v2\/posts\/81610","targetHints":{"allow":["GET"]}}],"collection":[{"href":"https:\/\/eldiariodesanpedro.com.ar\/sitio\/wp-json\/wp\/v2\/posts"}],"about":[{"href":"https:\/\/eldiariodesanpedro.com.ar\/sitio\/wp-json\/wp\/v2\/types\/post"}],"author":[{"embeddable":true,"href":"https:\/\/eldiariodesanpedro.com.ar\/sitio\/wp-json\/wp\/v2\/users\/4"}],"replies":[{"embeddable":true,"href":"https:\/\/eldiariodesanpedro.com.ar\/sitio\/wp-json\/wp\/v2\/comments?post=81610"}],"version-history":[{"count":1,"href":"https:\/\/eldiariodesanpedro.com.ar\/sitio\/wp-json\/wp\/v2\/posts\/81610\/revisions"}],"predecessor-version":[{"id":81611,"href":"https:\/\/eldiariodesanpedro.com.ar\/sitio\/wp-json\/wp\/v2\/posts\/81610\/revisions\/81611"}],"wp:featuredmedia":[{"embeddable":true,"href":"https:\/\/eldiariodesanpedro.com.ar\/sitio\/wp-json\/wp\/v2\/media\/81363"}],"wp:attachment":[{"href":"https:\/\/eldiariodesanpedro.com.ar\/sitio\/wp-json\/wp\/v2\/media?parent=81610"}],"wp:term":[{"taxonomy":"category","embeddable":true,"href":"https:\/\/eldiariodesanpedro.com.ar\/sitio\/wp-json\/wp\/v2\/categories?post=81610"},{"taxonomy":"post_tag","embeddable":true,"href":"https:\/\/eldiariodesanpedro.com.ar\/sitio\/wp-json\/wp\/v2\/tags?post=81610"}],"curies":[{"name":"wp","href":"https:\/\/api.w.org\/{rel}","templated":true}]}}